{"id":49254,"date":"2019-05-15T14:36:14","date_gmt":"2019-05-15T17:36:14","guid":{"rendered":"http:\/\/catolicanet.net\/wp-cnet\/?p=49254"},"modified":"2019-05-15T14:46:15","modified_gmt":"2019-05-15T17:46:15","slug":"cardeal-filoni-na-tailandia-para-os-350-anos-do-vicariato-de-siam","status":"publish","type":"post","link":"https:\/\/catolicanet.net\/wp-cnet\/cardeal-filoni-na-tailandia-para-os-350-anos-do-vicariato-de-siam\/","title":{"rendered":"Cardeal Filoni na Tail\u00e2ndia para os 350 anos do vicariato de Siam"},"content":{"rendered":"<div class=\"article__subTitle\">O purpurado chegar\u00e1 a Bangcoc, na Tail\u00e2ncia, nesta quinta-feira (16\/05), para celebrar os 350 anos do vicariato apost\u00f3lico de Siam que marcou o in\u00edcio da presen\u00e7a da Igreja cat\u00f3lica no pa\u00eds asi\u00e1tico.<\/div>\n<div class=\"title__separator\"><\/div>\n<div class=\"article__text\">\n<p><b>Cidade do Vaticano<\/b><\/p>\n<p>O prefeito da Congrega\u00e7\u00e3o para a Evangeliza\u00e7\u00e3o dos Povos, cardeal Fernando Filoni, far\u00e1 uma visita pastoral \u00e0 Tail\u00e2ndia, para celebrar os 350 anos do vicariato apost\u00f3lico de Siam (1669-2019), que marcou o in\u00edcio da presen\u00e7a da Igreja cat\u00f3lica no pa\u00eds.<\/p>\n<p>Segundo informa\u00e7\u00f5es da Ag\u00eancia Fides, o purpurado chegar\u00e1 a Bangcoc, nesta quinta-feira (16\/05). Na sexta, 17, visitar\u00e1 a catedral da Assun\u00e7\u00e3o e se encontrar\u00e1 com os bispos tailandeses.<\/p>\n<p>No s\u00e1bado, 18, o cardeal Filoni ir\u00e1 a Sampran, situada a trinta quil\u00f4metros de Bangcoc, para presidir a celebra\u00e7\u00e3o eucar\u00edstica do anivers\u00e1rio de 350 anos do vicariato apost\u00f3lico de Siam.<\/p>\n<div>\n<div class=\"article__embed article__embed--unwrap article__embed--dark\">\n<div class=\"article__innerTitle\">Ou\u00e7a a reportagem<\/div>\n<!--[if lt IE 9]><script>document.createElement('audio');<\/script><![endif]-->\n<audio class=\"wp-audio-shortcode\" id=\"audio-49254-1\" preload=\"none\" style=\"width: 100%;\" controls=\"controls\"><source type=\"audio\/mpeg\" src=\"https:\/\/media.vaticannews.va\/media\/audio\/s1\/2019\/05\/15\/16\/135024098_F135024098.mp3?_=1\" \/><a href=\"https:\/\/media.vaticannews.va\/media\/audio\/s1\/2019\/05\/15\/16\/135024098_F135024098.mp3\">https:\/\/media.vaticannews.va\/media\/audio\/s1\/2019\/05\/15\/16\/135024098_F135024098.mp3<\/a><\/audio>\n<\/div>\n<\/div>\n<p>Na parte da tarde, encontrar\u00e1 os religiosos, religiosas, seminaristas e catequistas na igreja dedicada ao Beato padre Nicolas Boonkerd Kitbamrung (1895-1944). Beatificado por S\u00e3o Jo\u00e3o Paulo II, no ano 2000, pe. Nicolas morreu na pris\u00e3o, acusado de espionagem, no final de uma vida dedicada inteiramente a Cristo e ao an\u00fancio da Boa Nova na Tail\u00e2ndia.<\/p>\n<h2>Encontro com os grupos \u00e9tnicos<\/h2>\n<p>No domingo, 19 de maio, o purpurado ir\u00e1 a Chiang Mai, no norte da Tail\u00e2ndia, lugar em que \u00e9 forte a presen\u00e7a das popula\u00e7\u00f5es tribais. Ser\u00e1 acolhido pelos grupos \u00e9tnicos Lanna e Akha. Ali, encontrar\u00e1 os sacerdotes, religiosos, catequistas e idosos l\u00edderes dos povoados. Na parte da tarde celebrar\u00e1 a Eucaristia.<\/p>\n<p>Na segunda-feira, 20, haver\u00e1 o encontro com os grupos da etnia Karen no povoado mission\u00e1rio de Mae-Porn. A seguir, a celebra\u00e7\u00e3o da missa.<\/p>\n<h2>Visita ao povoado de Ayuthaya<\/h2>\n<p>Na ter\u00e7a-feira, 21, o purpurado visitar\u00e1 a igreja de S\u00e3o Jos\u00e9 e o povoado portugu\u00eas de Ayuthaya, onde os mission\u00e1rios lan\u00e7aram as primeiras sementes da Boa Nova. O povoado Ayuthaya \u00e9\u00a0onsiderado o local do nascimento do vicariato de Siam. Era a capital do Reino de Siam. O cardeal Filoni visitar\u00e1 tamb\u00e9m as ru\u00ednas hist\u00f3ricas da cidade antiga, com importantes remanescentes cat\u00f3licos e budistas.<\/p>\n<\/div>\n","protected":false},"excerpt":{"rendered":"<p>O purpurado chegar\u00e1 a Bangcoc, na Tail\u00e2ncia, nesta quinta-feira (16\/05), para celebrar os 350 anos do vicariato apost\u00f3lico de Siam que marcou o in\u00edcio da presen\u00e7a da Igreja cat\u00f3lica no pa\u00eds asi\u00e1tico. Cidade do Vaticano O prefeito da Congrega\u00e7\u00e3o para a Evangeliza\u00e7\u00e3o dos Povos, cardeal Fernando Filoni, far\u00e1 uma visita pastoral \u00e0 Tail\u00e2ndia, para celebrar [&hellip;]<\/p>\n","protected":false},"author":1,"featured_media":49256,"comment_status":"open","ping_status":"closed","sticky":false,"template":"","format":"standard","meta":{"footnotes":""},"categories":[3],"tags":[],"class_list":["post-49254","post","type-post","status-publish","format-standard","has-post-thumbnail","hentry","category-vaticano"],"_links":{"self":[{"href":"https:\/\/catolicanet.net\/wp-cnet\/wp-json\/wp\/v2\/posts\/49254","targetHints":{"allow":["GET"]}}],"collection":[{"href":"https:\/\/catolicanet.net\/wp-cnet\/wp-json\/wp\/v2\/posts"}],"about":[{"href":"https:\/\/catolicanet.net\/wp-cnet\/wp-json\/wp\/v2\/types\/post"}],"author":[{"embeddable":true,"href":"https:\/\/catolicanet.net\/wp-cnet\/wp-json\/wp\/v2\/users\/1"}],"replies":[{"embeddable":true,"href":"https:\/\/catolicanet.net\/wp-cnet\/wp-json\/wp\/v2\/comments?post=49254"}],"version-history":[{"count":1,"href":"https:\/\/catolicanet.net\/wp-cnet\/wp-json\/wp\/v2\/posts\/49254\/revisions"}],"predecessor-version":[{"id":49255,"href":"https:\/\/catolicanet.net\/wp-cnet\/wp-json\/wp\/v2\/posts\/49254\/revisions\/49255"}],"wp:featuredmedia":[{"embeddable":true,"href":"https:\/\/catolicanet.net\/wp-cnet\/wp-json\/wp\/v2\/media\/49256"}],"wp:attachment":[{"href":"https:\/\/catolicanet.net\/wp-cnet\/wp-json\/wp\/v2\/media?parent=49254"}],"wp:term":[{"taxonomy":"category","embeddable":true,"href":"https:\/\/catolicanet.net\/wp-cnet\/wp-json\/wp\/v2\/categories?post=49254"},{"taxonomy":"post_tag","embeddable":true,"href":"https:\/\/catolicanet.net\/wp-cnet\/wp-json\/wp\/v2\/tags?post=49254"}],"curies":[{"name":"wp","href":"https:\/\/api.w.org\/{rel}","templated":true}]}}