{"id":4924,"date":"2014-07-30T17:18:20","date_gmt":"2014-07-30T20:18:20","guid":{"rendered":"http:\/\/catolicanet.net\/wp-cnet\/emprestei-meu-carro-para-o-papa\/"},"modified":"2017-04-06T10:37:40","modified_gmt":"2017-04-06T13:37:40","slug":"emprestei-meu-carro-para-o-papa","status":"publish","type":"post","link":"https:\/\/catolicanet.net\/wp-cnet\/emprestei-meu-carro-para-o-papa\/","title":{"rendered":"Emprestei meu carro para o Papa"},"content":{"rendered":"<p style=\"text-align: justify;\"><strong>A hist\u00f3ria de Prisco, que emprestou seu carro durante a visita do Papa Francisco a Caserta<\/strong><\/p>\n<p><img decoding=\"async\" src=\"http:\/\/catolicanet.com.br\/images\/stories\/papas\/papaprisco.jpg\" border=\"0\" align=\"left\" \/>Segundo o jornal italiano Corriere, o carro foi solicitado para que o Papa Francisco pudesse utilizar durante a visita pastoral em Caserta, no \u00faltimo s\u00e1bado, 26. Como ele saiu de Roma em um helic\u00f3ptero, precisava de um carro para se movimentar na cidade.<\/p>\n<p>\u201cMeus colegas me disseram: serve um Ford Focus preto para o Papa, exatamente como o seu. Eu pensei que estavam brincando, pedi que me repetissem duas vezes\u201d, afirmou Prisco Ventrone ao jornal italiano. Prisco trabalha h\u00e1 36 anos na Escola t\u00e9cnica da Aeron\u00e1utica militar na cidade, e foi o seu carro que o Papa Francisco utilizou durante a visita pastoral.<\/p>\n<p>Assim que o helic\u00f3ptero pousou, Prisco j\u00e1 deixou seu carro com o motorista do Papa. A primeira pessoa para quem contou foi sua mulher: \u201cEla pensou que eu estava brincando\u201d, ap\u00f3s o carro aparecer na transmiss\u00e3o ao vivo da Rai com o Papa dentro, ela reconheceu a placa e ligou para o marido impressionada com o que estava acontecendo.<\/p>\n<p>Prisco tem 57 anos e tr\u00eas filhos. Seu carro foi filmado e fotografado por toda a imprensa presente no local, naquela que seria uma visita privada: da Reggia de Caserta ao parque Gabriella, na casa do pastor Traettino. <\/p>\n<p>O propriet\u00e1rio do carro ficou muito emocionado em ver que seu carro estava sendo utilizado pelo Papa. \u201cFoi um dia extraordin\u00e1rio que nunca esquecerei. \u00c9 uma coisa que n\u00e3o esperamos que aconte\u00e7a, mas que acontece na vida\u201d. <\/p>\n<p>Poucos minutos ap\u00f3s o Papa ter utilizado seu carro, foi ele quem o usou para voltar para casa depois de um dia quase normal de trabalho. \u201cNunca pensei em vender meu carro, agora ent\u00e3o, quando estiver velho manterei como uma pe\u00e7a de museu\u201d.\u00a0 <\/p>\n<p>Fonte: Aleteia<\/p>\n","protected":false},"excerpt":{"rendered":"<p>A hist\u00f3ria de Prisco, que emprestou seu carro durante a visita do Papa Francisco a Caserta Segundo o jornal italiano Corriere, o carro foi solicitado para que o Papa Francisco pudesse utilizar durante a visita pastoral em Caserta, no \u00faltimo s\u00e1bado, 26. Como ele saiu de Roma em um helic\u00f3ptero, precisava de um carro para [&hellip;]<\/p>\n","protected":false},"author":1,"featured_media":0,"comment_status":"closed","ping_status":"closed","sticky":false,"template":"","format":"standard","meta":{"footnotes":""},"categories":[4],"tags":[],"class_list":["post-4924","post","type-post","status-publish","format-standard","hentry","category-cotidiano"],"_links":{"self":[{"href":"https:\/\/catolicanet.net\/wp-cnet\/wp-json\/wp\/v2\/posts\/4924","targetHints":{"allow":["GET"]}}],"collection":[{"href":"https:\/\/catolicanet.net\/wp-cnet\/wp-json\/wp\/v2\/posts"}],"about":[{"href":"https:\/\/catolicanet.net\/wp-cnet\/wp-json\/wp\/v2\/types\/post"}],"author":[{"embeddable":true,"href":"https:\/\/catolicanet.net\/wp-cnet\/wp-json\/wp\/v2\/users\/1"}],"replies":[{"embeddable":true,"href":"https:\/\/catolicanet.net\/wp-cnet\/wp-json\/wp\/v2\/comments?post=4924"}],"version-history":[{"count":1,"href":"https:\/\/catolicanet.net\/wp-cnet\/wp-json\/wp\/v2\/posts\/4924\/revisions"}],"predecessor-version":[{"id":9816,"href":"https:\/\/catolicanet.net\/wp-cnet\/wp-json\/wp\/v2\/posts\/4924\/revisions\/9816"}],"wp:attachment":[{"href":"https:\/\/catolicanet.net\/wp-cnet\/wp-json\/wp\/v2\/media?parent=4924"}],"wp:term":[{"taxonomy":"category","embeddable":true,"href":"https:\/\/catolicanet.net\/wp-cnet\/wp-json\/wp\/v2\/categories?post=4924"},{"taxonomy":"post_tag","embeddable":true,"href":"https:\/\/catolicanet.net\/wp-cnet\/wp-json\/wp\/v2\/tags?post=4924"}],"curies":[{"name":"wp","href":"https:\/\/api.w.org\/{rel}","templated":true}]}}