{"id":49238,"date":"2019-05-15T10:43:37","date_gmt":"2019-05-15T13:43:37","guid":{"rendered":"http:\/\/catolicanet.net\/wp-cnet\/?p=49238"},"modified":"2019-05-15T10:46:48","modified_gmt":"2019-05-15T13:46:48","slug":"europa-caritas-desafia-candidatos-a-defender-politicas-mais-favoraveis-a-familia","status":"publish","type":"post","link":"https:\/\/catolicanet.net\/wp-cnet\/europa-caritas-desafia-candidatos-a-defender-politicas-mais-favoraveis-a-familia\/","title":{"rendered":"Europa: C\u00e1ritas desafia candidatos a defender \u00abpol\u00edticas mais favor\u00e1veis \u00e0 fam\u00edlia\u00bb"},"content":{"rendered":"<p><em>Organiza\u00e7\u00e3o cat\u00f3lica evoca situa\u00e7\u00f5es de pobreza ou exclus\u00e3o social, que comprometem futuro da sociedade<\/em><\/p>\n<p>A C\u00e1ritas Europa assinalou hoje o Dia Internacional das Fam\u00edlias com um apelo aos candidatos que procuram a elei\u00e7\u00e3o para o Parlamento Europeu, pedindo-lhes que defendam \u201cos valores\u201d e \u201cos interesses\u201d da fam\u00edlia.<\/p>\n<p>\u201cA Uni\u00e3o Europeia e os seus Estados-Membros precisam de pol\u00edticas mais favor\u00e1veis \u00e0 fam\u00edlia enquanto c\u00e9lula b\u00e1sica e pilar essencial de qualquer sociedade justa, com um mercado de trabalho inclusivo e onde haja mecanismos adequados de prote\u00e7\u00e3o social\u201d, refere uma nota da organiza\u00e7\u00e3o cat\u00f3lica.<\/p>\n<p>A C\u00e1ritas sustenta a import\u00e2ncia de \u201cdesenvolver pol\u00edticas favor\u00e1veis \u00e0 fam\u00edlia\u201d, como elemento fundamental para o futuro da Europa.<\/p>\n<p>\u201cA este respeito, \u00e9 imperativo que os l\u00edderes europeus cumpram o seu compromisso com o pilar europeu dos direitos sociais e garantam a prote\u00e7\u00e3o das fam\u00edlias\u201d, assinala o comunicado.<\/p>\n<p>\u201cEm toda a Europa, as fam\u00edlias enfrentam a pobreza ou a exclus\u00e3o social principalmente no que toca ao acesso \u00e0 habita\u00e7\u00e3o, educa\u00e7\u00e3o, cuidados de sa\u00fade e trabalho digno. As fam\u00edlias europeias est\u00e3o a lutar para garantir um futuro melhor para os seus filhos. Existe uma necessidade urgente de p\u00f4r em pr\u00e1tica pol\u00edticas que abordem o decl\u00ednio demogr\u00e1fico em curso na Europa e que enfrentem os n\u00edveis crescentes de pobreza e desigualdades\u201d.<\/p>\n<p>A C\u00e1ritas Europa destaca o \u201ccapital social\u201d gerado pelas fam\u00edlias, em benef\u00edcio de toda a sociedade.<\/p>\n<p>\u201cDesejo que o futuro Parlamento Europeu mantenha as pol\u00edticas familiares no topo da agenda pol\u00edtica e contribua para assegurar melhores condi\u00e7\u00f5es para todas as quest\u00f5es que afetam as fam\u00edlias na Europa\u201d, declara Jorge Nu\u00f1o Mayer, secret\u00e1rio-geral da C\u00e1ritas Europa.<\/p>\n<p>A duas semanas das <a href=\"https:\/\/epelections.caritas.eu\/\" target=\"_blank\" rel=\"noopener noreferrer\">elei\u00e7\u00f5es europeias<\/a>, a organiza\u00e7\u00e3o cat\u00f3lica espera que os futuros deputados contribuam para \u201cmelhorar as condi\u00e7\u00f5es de vida das fam\u00edlias mais carenciadas\u201d.<\/p>\n<p><a class=\"fbx-link fbx-instance\" href=\"https:\/\/agencia.ecclesia.pt\/portal\/wp-content\/uploads\/2019\/05\/12345EPTEST_FRONT-1-copy-3.png\"><img loading=\"lazy\" decoding=\"async\" class=\"alignright wp-image-137204 size-medium\" src=\"https:\/\/agencia.ecclesia.pt\/portal\/wp-content\/uploads\/2019\/05\/12345EPTEST_FRONT-1-copy-3-324x260.png\" sizes=\"auto, (max-width: 324px) 100vw, 324px\" srcset=\"https:\/\/agencia.ecclesia.pt\/portal\/wp-content\/uploads\/2019\/05\/12345EPTEST_FRONT-1-copy-3-324x260.png 324w, https:\/\/agencia.ecclesia.pt\/portal\/wp-content\/uploads\/2019\/05\/12345EPTEST_FRONT-1-copy-3-768x616.png 768w, https:\/\/agencia.ecclesia.pt\/portal\/wp-content\/uploads\/2019\/05\/12345EPTEST_FRONT-1-copy-3.png 952w\" alt=\"\" width=\"324\" height=\"260\" \/><\/a>Tamb\u00e9m a Comiss\u00e3o dos Episcopados Cat\u00f3licos da EU (COMECE) lan\u00e7oo uma declara\u00e7\u00e3o sobre o pr\u00f3ximo ato eleitoral, \u2018Reconstruindo a comunidade na Europa\u2019, na qual convoca os cidad\u00e3os a um compromisso no \u201cprocesso pol\u00edtico\u201d, exercendo o seu direito ao voto.<\/p>\n<p>\u201cAs elei\u00e7\u00f5es da UE oferecem uma grande oportunidade para fazer escolhas pol\u00edticas que fomentem uma fraternidade renovada entre as pessoas, relan\u00e7ando o projeto europeu\u201d, pode ler-se.<\/p>\n<p>Os bispos cat\u00f3licos pedem uma Uni\u00e3o Europeia que seja \u201cprotetora de pessoas, fam\u00edlias e culturas, especialmente dos mais vulner\u00e1veis\u201d.<\/p>\n<p>\u201cO cuidado com o meio ambiente e o desenvolvimento sustent\u00e1vel n\u00e3o pode se limitar \u00e0s fronteiras da Uni\u00e3o Europeia e os resultados eleitorais ter\u00e3o impacto nas decis\u00f5es que afetam a totalidade da humanidade\u201d, <a href=\"http:\/\/www.comece.eu\/dl\/qqoNJKJKKMNNJqx4KJK\/2019-02-12_Election_Statement.pdf\" target=\"_blank\" rel=\"noopener noreferrer\">adverte<\/a> ainda COMECE.<\/p>\n","protected":false},"excerpt":{"rendered":"<p>Organiza\u00e7\u00e3o cat\u00f3lica evoca situa\u00e7\u00f5es de pobreza ou exclus\u00e3o social, que comprometem futuro da sociedade A C\u00e1ritas Europa assinalou hoje o Dia Internacional das Fam\u00edlias com um apelo aos candidatos que procuram a elei\u00e7\u00e3o para o Parlamento Europeu, pedindo-lhes que defendam \u201cos valores\u201d e \u201cos interesses\u201d da fam\u00edlia. \u201cA Uni\u00e3o Europeia e os seus Estados-Membros precisam [&hellip;]<\/p>\n","protected":false},"author":1,"featured_media":49240,"comment_status":"open","ping_status":"closed","sticky":false,"template":"","format":"standard","meta":{"footnotes":""},"categories":[13],"tags":[],"class_list":["post-49238","post","type-post","status-publish","format-standard","has-post-thumbnail","hentry","category-featured"],"_links":{"self":[{"href":"https:\/\/catolicanet.net\/wp-cnet\/wp-json\/wp\/v2\/posts\/49238","targetHints":{"allow":["GET"]}}],"collection":[{"href":"https:\/\/catolicanet.net\/wp-cnet\/wp-json\/wp\/v2\/posts"}],"about":[{"href":"https:\/\/catolicanet.net\/wp-cnet\/wp-json\/wp\/v2\/types\/post"}],"author":[{"embeddable":true,"href":"https:\/\/catolicanet.net\/wp-cnet\/wp-json\/wp\/v2\/users\/1"}],"replies":[{"embeddable":true,"href":"https:\/\/catolicanet.net\/wp-cnet\/wp-json\/wp\/v2\/comments?post=49238"}],"version-history":[{"count":1,"href":"https:\/\/catolicanet.net\/wp-cnet\/wp-json\/wp\/v2\/posts\/49238\/revisions"}],"predecessor-version":[{"id":49239,"href":"https:\/\/catolicanet.net\/wp-cnet\/wp-json\/wp\/v2\/posts\/49238\/revisions\/49239"}],"wp:featuredmedia":[{"embeddable":true,"href":"https:\/\/catolicanet.net\/wp-cnet\/wp-json\/wp\/v2\/media\/49240"}],"wp:attachment":[{"href":"https:\/\/catolicanet.net\/wp-cnet\/wp-json\/wp\/v2\/media?parent=49238"}],"wp:term":[{"taxonomy":"category","embeddable":true,"href":"https:\/\/catolicanet.net\/wp-cnet\/wp-json\/wp\/v2\/categories?post=49238"},{"taxonomy":"post_tag","embeddable":true,"href":"https:\/\/catolicanet.net\/wp-cnet\/wp-json\/wp\/v2\/tags?post=49238"}],"curies":[{"name":"wp","href":"https:\/\/api.w.org\/{rel}","templated":true}]}}