{"id":49234,"date":"2019-05-15T10:34:15","date_gmt":"2019-05-15T13:34:15","guid":{"rendered":"http:\/\/catolicanet.net\/wp-cnet\/?p=49234"},"modified":"2019-05-15T10:34:15","modified_gmt":"2019-05-15T13:34:15","slug":"catequista-e-4-criancas-morrem-em-explosao-durante-aula-de-catecismo","status":"publish","type":"post","link":"https:\/\/catolicanet.net\/wp-cnet\/catequista-e-4-criancas-morrem-em-explosao-durante-aula-de-catecismo\/","title":{"rendered":"Catequista e 4 crian\u00e7as morrem em explos\u00e3o durante aula de catecismo"},"content":{"rendered":"<p>A funda\u00e7\u00e3o pontif\u00edcia Ajuda \u00e0 Igreja que Sofre (ACN) informou que no fim de semana uma catequista e quatro crian\u00e7as morreram em um bombardeio durante a aula de catecismo na cidade crist\u00e3 de Al-Sekelbiya, na prov\u00edncia de Idlib (S\u00edria).<\/p>\n<p>A catequista e as crian\u00e7as Jessica, Bashar, Angy, Suheir, com idades entre 6 e 10 anos, morreram depois do ataque que tamb\u00e9m teve como alvo o centro de catequese Al-Sekelbiya. Al\u00e9m dos falecidos, os m\u00edsseis deixaram 6 crian\u00e7as feridas.<\/p>\n<p>Em declara\u00e7\u00f5es \u00e0 TG200, o sacerdote franciscano Hanna Jallouf e p\u00e1roco da igreja latina de Knaye, em Idlib, disse que &#8220;os rebeldes bombardearam a cidade crist\u00e3 de Al-Sekelbiya. Atacaram o centro de catequese matando 5 crian\u00e7as (ACN menciona 4) e sua catequista&#8221;.<\/p>\n<p>Depois de comentar que o funeral j\u00e1 aconteceu, o sacerdote franciscano lamentou que nas \u00faltimas semanas tenham atacado diversas zonas da regi\u00e3o e explicou que &#8220;a situa\u00e7\u00e3o \u00e9 prec\u00e1ria por causa dos confrontos entre o ex\u00e9rcito regular e os rebeldes. Por isso, muitos tiveram que deixar suas casas e vieram conosco. Moram debaixo das \u00e1rvores. A terra \u00e9 como uma cama e o c\u00e9u \u00e9 como um cobertor&#8221;.<\/p>\n<p>&#8220;Muitas pessoas morrem por causa dessa guerra suja. Esperamos que este massacre termine em breve&#8221;, manifestou.<\/p>\n<p>Segundo informa a ag\u00eancia oficial s\u00edria Sana, os m\u00edsseis foram disparados no domingo por jihadistas rebeldes que pertencem ao grupo extremista Hayat Tahrir al-Sham, que antes estava afiliado com o grupo terrorista Al Qaeda.<\/p>\n","protected":false},"excerpt":{"rendered":"<p>A funda\u00e7\u00e3o pontif\u00edcia Ajuda \u00e0 Igreja que Sofre (ACN) informou que no fim de semana uma catequista e quatro crian\u00e7as morreram em um bombardeio durante a aula de catecismo na cidade crist\u00e3 de Al-Sekelbiya, na prov\u00edncia de Idlib (S\u00edria). A catequista e as crian\u00e7as Jessica, Bashar, Angy, Suheir, com idades entre 6 e 10 anos, [&hellip;]<\/p>\n","protected":false},"author":1,"featured_media":49236,"comment_status":"open","ping_status":"closed","sticky":false,"template":"","format":"standard","meta":{"footnotes":""},"categories":[4],"tags":[],"class_list":["post-49234","post","type-post","status-publish","format-standard","has-post-thumbnail","hentry","category-cotidiano"],"_links":{"self":[{"href":"https:\/\/catolicanet.net\/wp-cnet\/wp-json\/wp\/v2\/posts\/49234","targetHints":{"allow":["GET"]}}],"collection":[{"href":"https:\/\/catolicanet.net\/wp-cnet\/wp-json\/wp\/v2\/posts"}],"about":[{"href":"https:\/\/catolicanet.net\/wp-cnet\/wp-json\/wp\/v2\/types\/post"}],"author":[{"embeddable":true,"href":"https:\/\/catolicanet.net\/wp-cnet\/wp-json\/wp\/v2\/users\/1"}],"replies":[{"embeddable":true,"href":"https:\/\/catolicanet.net\/wp-cnet\/wp-json\/wp\/v2\/comments?post=49234"}],"version-history":[{"count":1,"href":"https:\/\/catolicanet.net\/wp-cnet\/wp-json\/wp\/v2\/posts\/49234\/revisions"}],"predecessor-version":[{"id":49237,"href":"https:\/\/catolicanet.net\/wp-cnet\/wp-json\/wp\/v2\/posts\/49234\/revisions\/49237"}],"wp:featuredmedia":[{"embeddable":true,"href":"https:\/\/catolicanet.net\/wp-cnet\/wp-json\/wp\/v2\/media\/49236"}],"wp:attachment":[{"href":"https:\/\/catolicanet.net\/wp-cnet\/wp-json\/wp\/v2\/media?parent=49234"}],"wp:term":[{"taxonomy":"category","embeddable":true,"href":"https:\/\/catolicanet.net\/wp-cnet\/wp-json\/wp\/v2\/categories?post=49234"},{"taxonomy":"post_tag","embeddable":true,"href":"https:\/\/catolicanet.net\/wp-cnet\/wp-json\/wp\/v2\/tags?post=49234"}],"curies":[{"name":"wp","href":"https:\/\/api.w.org\/{rel}","templated":true}]}}