{"id":49221,"date":"2019-05-15T09:58:57","date_gmt":"2019-05-15T12:58:57","guid":{"rendered":"http:\/\/catolicanet.net\/wp-cnet\/?p=49221"},"modified":"2019-05-15T10:04:06","modified_gmt":"2019-05-15T13:04:06","slug":"sucessao-dom-gilson-andrade-da-silva-e-novo-bispo-da-diocese-de-nova-iguacu-rj","status":"publish","type":"post","link":"https:\/\/catolicanet.net\/wp-cnet\/sucessao-dom-gilson-andrade-da-silva-e-novo-bispo-da-diocese-de-nova-iguacu-rj\/","title":{"rendered":"Sucess\u00e3o: dom Gilson Andrade da Silva \u00e9 novo bispo da diocese de Nova Igua\u00e7u (RJ)"},"content":{"rendered":"<p>Nesta quarta-feira, 15 de maio, o Papa Francisco aceitou a ren\u00fancia de dom Luciano Bergamin ao governo pastoral da diocese de Nova Igua\u00e7u (RJ) e nomeou o coadjutor dom Gilson Andrade da Silva, como bispo diocesano.<\/p>\n<p><strong>Dados biogr\u00e1ficos<\/strong><\/p>\n<p>Nascido no dia 11 de setembro de 1966, no Rio de Janeiro (RJ), Dom Gilson Andrade da Silva recebeu a Ordena\u00e7\u00e3o Sacerdotal em 4 de agosto de 1991, na Catedral de Pet\u00f3polis (RJ).<\/p>\n<p>Entre os anos de 1985 e 1987 Dom Gilson cursou Filosofia no Semin\u00e1rio Diocesano Nossa Senhora do Amor Divino. Foi aluno do Col\u00e9gio Eclesi\u00e1stico Internacional Bidasoa (Pamplona \u2013 Espanha), onde fez o curso de bacharelado em Sagrada Teologia na Universidade de Navarra (Espanha), entre 1988 e 1991. Dom Gilson \u00e9 licenciado em Sagrada Teologia pela Pontif\u00edcia Universit\u00e0 della Santa Croce (Roma \u2013 1997-1999).<\/p>\n<p>Dom Gilson foi vice-reitor do Semin\u00e1rio Diocesano Nossa Senhora do Amor Divino (Diocese de Petr\u00f3polis) de 1991 a 1997 e de 1999 a 2004, onde tamb\u00e9m foi professor. Ainda na cidade de Petr\u00f3polis, assumiu como vig\u00e1rio paroquial a Par\u00f3quia de Sant\u2019Ana e S\u00e3o Joaquim entre 1991 e 1994.<\/p>\n<p>No ano 2000 assumiu como professor o curso de Teologia e Filosofia na Universidade Cat\u00f3lica de Petr\u00f3polis. Em 2004 tornou-se membro do Conselho Pastoral Diocesano e em 2005 membro da Equipe de Coordena\u00e7\u00e3o Diocesana do Plano Pastoral de Conjunto e da Miss\u00e3o Popular.<\/p>\n<p>Entre os anos de 2004 e 2005 Dom Gilson foi diretor do Instituto de Teologia, Filosofia e Ci\u00eancias Humanas na Universidade Cat\u00f3lica de Petr\u00f3polis. Tamb\u00e9m no ano de 2004 foi reitor do Semin\u00e1rio Diocesano de Petr\u00f3polis e coordenador da Pastoral da Juventude da Diocese de Petr\u00f3polis.<\/p>\n<p>A partir de 2006 tornou-se membro do Col\u00e9gio de Consultores; e presidente da Associa\u00e7\u00e3o Mantenedora das Faculdades Cat\u00f3licas Petropolitanas (UCP), em 2008.<\/p>\n<p>Em 2011 Dom Gilson foi nomeado pelo Papa Bento XVI como bispo auxiliar da Arquidiocese de Salvador. A Ordena\u00e7\u00e3o Episcopal aconteceu no dia 24 de setembro, em Petr\u00f3polis. A apresenta\u00e7\u00e3o em Salvador aconteceu no dia 10 de outubro, na Catedral Bas\u00edlica, localizada no Terreiro de Jesus.<\/p>\n<p>Papa Francisco o nomeou bispo coadjutor de Nova Igua\u00e7u, em 27 de junho de 2018.<\/p>\n<p>Sauda\u00e7\u00e3o da CNBB<\/p>\n<p>Dom Joel Portella Amado, secret\u00e1rio-geral da CNBB, envia uma mensagem de sauda\u00e7\u00e3o a dom Gilson:<\/p>\n<p><strong>Sauda\u00e7\u00e3o da CNBB a dom Gilson de Andrade Silva<\/strong><\/p>\n<p>&nbsp;<\/p>\n<p>Bras\u00edlia, 15 de maio de 2019<\/p>\n<p>&nbsp;<\/p>\n<p>Prezado Irm\u00e3o, dom Gilson de Andrade Silva.<\/p>\n<p>A Confer\u00eancia Nacional dos Bispos do Brasil (CNBB) se alegra com sua nomea\u00e7\u00e3o para bispo da diocese de Nova Igua\u00e7u (RJ). Sabemos do servi\u00e7o a essa Igreja Particular que o senhor j\u00e1 exerce como Bispo Coadjutor desde junho do ano passado. Aproveitamos a ocasi\u00e3o de hoje para renovar nosso agradecimento ao Papa Francisco pelo cuidado com a Igreja no Brasil.<\/p>\n<p>Sua caminhada como bispo, iniciada j\u00e1 em setembro de 2011 e marcada pela passagem como auxiliar na arquidiocese de Salvador (BA), o trouxe ao Povo de Deus da diocese de Nova Igua\u00e7u, na sua querida Baixada Fluminense. Desejamos que seu pastoreio tenha frutos abundantes.<\/p>\n<p>Como um s\u00edmbolo da nossa sauda\u00e7\u00e3o, recorremos \u00e0s palavras do Papa Francisco aos bispos, padres, religiosos e seminaristas, na Catedral do Rio, durante a Jornada Mundial da Juventude, em 2013: \u201c<em>Chamados a promover a cultura do encontro. Em muitos ambientes, infelizmente, ganhou espa\u00e7o a cultura da exclus\u00e3o, a \u2018cultura do descart\u00e1vel\u2019. N\u00e3o h\u00e1 lugar para o idoso, nem para o filho indesejado; n\u00e3o h\u00e1 tempo para se deter com o pobre ca\u00eddo \u00e0 margem da estrada. \u00c0s vezes parece que, para alguns, as rela\u00e7\u00f5es humanas sejam regidas por dois \u2018dogmas\u2019 modernos: efici\u00eancia e pragmatismo. [\u2026] tenham a coragem de ir contra a corrente. N\u00e3o renunciemos a este dom de Deus: a \u00fanica fam\u00edlia dos seus filhos. O encontro e o acolhimento de todos, a solidariedade e a fraternidade s\u00e3o os elementos que tornam a nossa civiliza\u00e7\u00e3o verdadeiramente humana<\/em>\u201d.<\/p>\n<p>Abra\u00e7amos, juntamente com o senhor, o clero, os religiosos e os fi\u00e9is leigos e leigas da diocese de Nova Igua\u00e7u.<\/p>\n<p>Em Cristo,<\/p>\n<p>&nbsp;<\/p>\n<p><strong>Dom Joel Portella Amado<\/strong><\/p>\n<p>Bispo auxiliar do Rio de Janeiro (RJ)<\/p>\n<p>Secret\u00e1rio-geral da CNBB<\/p>\n","protected":false},"excerpt":{"rendered":"<p>Nesta quarta-feira, 15 de maio, o Papa Francisco aceitou a ren\u00fancia de dom Luciano Bergamin ao governo pastoral da diocese de Nova Igua\u00e7u (RJ) e nomeou o coadjutor dom Gilson Andrade da Silva, como bispo diocesano. Dados biogr\u00e1ficos Nascido no dia 11 de setembro de 1966, no Rio de Janeiro (RJ), Dom Gilson Andrade da [&hellip;]<\/p>\n","protected":false},"author":1,"featured_media":49225,"comment_status":"open","ping_status":"closed","sticky":false,"template":"","format":"standard","meta":{"footnotes":""},"categories":[7],"tags":[],"class_list":["post-49221","post","type-post","status-publish","format-standard","has-post-thumbnail","hentry","category-cnbb"],"_links":{"self":[{"href":"https:\/\/catolicanet.net\/wp-cnet\/wp-json\/wp\/v2\/posts\/49221","targetHints":{"allow":["GET"]}}],"collection":[{"href":"https:\/\/catolicanet.net\/wp-cnet\/wp-json\/wp\/v2\/posts"}],"about":[{"href":"https:\/\/catolicanet.net\/wp-cnet\/wp-json\/wp\/v2\/types\/post"}],"author":[{"embeddable":true,"href":"https:\/\/catolicanet.net\/wp-cnet\/wp-json\/wp\/v2\/users\/1"}],"replies":[{"embeddable":true,"href":"https:\/\/catolicanet.net\/wp-cnet\/wp-json\/wp\/v2\/comments?post=49221"}],"version-history":[{"count":1,"href":"https:\/\/catolicanet.net\/wp-cnet\/wp-json\/wp\/v2\/posts\/49221\/revisions"}],"predecessor-version":[{"id":49223,"href":"https:\/\/catolicanet.net\/wp-cnet\/wp-json\/wp\/v2\/posts\/49221\/revisions\/49223"}],"wp:featuredmedia":[{"embeddable":true,"href":"https:\/\/catolicanet.net\/wp-cnet\/wp-json\/wp\/v2\/media\/49225"}],"wp:attachment":[{"href":"https:\/\/catolicanet.net\/wp-cnet\/wp-json\/wp\/v2\/media?parent=49221"}],"wp:term":[{"taxonomy":"category","embeddable":true,"href":"https:\/\/catolicanet.net\/wp-cnet\/wp-json\/wp\/v2\/categories?post=49221"},{"taxonomy":"post_tag","embeddable":true,"href":"https:\/\/catolicanet.net\/wp-cnet\/wp-json\/wp\/v2\/tags?post=49221"}],"curies":[{"name":"wp","href":"https:\/\/api.w.org\/{rel}","templated":true}]}}