{"id":4920,"date":"2014-07-30T13:54:33","date_gmt":"2014-07-30T16:54:33","guid":{"rendered":"http:\/\/catolicanet.net\/wp-cnet\/ead-seculo-21-lanca-cursos-gratuitos-para-comunicadores\/"},"modified":"2017-04-06T10:35:50","modified_gmt":"2017-04-06T13:35:50","slug":"ead-seculo-21-lanca-cursos-gratuitos-para-comunicadores","status":"publish","type":"post","link":"https:\/\/catolicanet.net\/wp-cnet\/ead-seculo-21-lanca-cursos-gratuitos-para-comunicadores\/","title":{"rendered":"EAD S\u00e9culo 21 lan\u00e7a cursos gratuitos para comunicadores"},"content":{"rendered":"<p style=\"text-align: justify;\">PASCOM de todo Brasil ter\u00e1 acesso a cursos \u201conline\u201d e \u201cpresencial\u201d de Assessoria de Imprensa e Produ\u00e7\u00e3o de V\u00eddeo<\/p>\n<p>A Educa\u00e7\u00e3o a Dist\u00e2ncia S\u00e9culo 21 disponibiliza cursos gratuitos para comunicadores cat\u00f3licos de todo o Brasil. Profissionais e leigos envolvidos com a Pastoral da Comunica\u00e7\u00e3o poder\u00e3o participar de aulas relacionadas a \u201cIntrodu\u00e7\u00e3o \u00e0 Produ\u00e7\u00e3o de V\u00eddeo\u201d e \u201cIntrodu\u00e7\u00e3o \u00e0 Assessoria de Imprensa\u201d. S\u00e3o duas modalidades de curso: online e presencial.<br \/>No site www.rs21.com.br\/ead, \u00e9 poss\u00edvel realizar o cadastro para os cursos, que foram lan\u00e7ados em Aparecida SP, durante o 4\u00ba Encontro Nacional da Pastoral da Comunica\u00e7\u00e3o e o 2\u00ba Semin\u00e1rio Nacional de Jovens Comunicadores.<br \/>O curso \u201cIntrodu\u00e7\u00e3o \u00e0 produ\u00e7\u00e3o de v\u00eddeo\u201d aborda no\u00e7\u00f5es gerais sobre v\u00eddeo, luz, edi\u00e7\u00e3o, c\u00e2mera e grava\u00e7\u00f5es. O segundo curso \u00e9 \u201cIntrodu\u00e7\u00e3o \u00e0 assessoria de imprensa\u201d, com conte\u00fado informativo sobre produ\u00e7\u00e3o de texto, atua\u00e7\u00e3o do profissional da Assessoria e os diferentes produtos elaborados pelo mesmo.<br \/>O m\u00f3dulo online j\u00e1 est\u00e1 dispon\u00edvel em www.rs21.com.br\/ead. O curso online conta com diferentes m\u00f3dulos explicativos, com aulas em v\u00eddeo e apostilas. O aluno que concluir todo o curso, e alcan\u00e7ar m\u00e9dia nas avalia\u00e7\u00f5es, receber\u00e1 certificado emitido pela EAD.<br \/>J\u00e1 o m\u00f3dulo presencial ser\u00e1 realizado nos est\u00fadios da Rede S\u00e9culo 21, em Valinhos SP. O aluno dever\u00e1 se inscrever no site da EAD, clicar em \u201cpromo\u00e7\u00f5es\u201d, e realizar sua pr\u00e9-inscri\u00e7\u00e3o. O curso presencial \u00e9 direcionado para comunicadores engajados em suas Dioceses. As datas e turmas presenciais ser\u00e3o divulgadas em breve.<\/p>\n<p>SERVI\u00c7O:<br \/>Cursos gratuitos de: \u201cIntrodu\u00e7\u00e3o \u00e0 produ\u00e7\u00e3o de v\u00eddeo\u201d e \u201cIntrodu\u00e7\u00e3o \u00e0 assessoria de imprensa\u201d;<br \/>Link dos cursos: http:\/\/www.eadseculo21.org.br\/ead\/?opcao=visualizarCategoria&#038;ID=61&#038;tipo=3;<br \/>Inscri\u00e7\u00e3o presencial: http:\/\/www.eadseculo21.org.br\/ead\/?opcao=visualizarConteudo&#038;ID=587;<br \/>M\u00f3dulo online: j\u00e1 dispon\u00edvel pela Educa\u00e7\u00e3o a Dist\u00e2ncia S\u00e9culo 21;<br \/>M\u00f3dulo presencial: a pr\u00e9-inscri\u00e7\u00e3o deve ser realizada no site e as datas e turmas ser\u00e3o divulgadas em breve;<\/p>\n<p>Assessoria de Imprensa<br \/>Fabiano Fachini \u2013 MTB: 57.446<br \/>E-mail: imprensa@rs21.com.br<br \/>Tel: (19) 3849.9295<\/p>\n","protected":false},"excerpt":{"rendered":"<p>PASCOM de todo Brasil ter\u00e1 acesso a cursos \u201conline\u201d e \u201cpresencial\u201d de Assessoria de Imprensa e Produ\u00e7\u00e3o de V\u00eddeo A Educa\u00e7\u00e3o a Dist\u00e2ncia S\u00e9culo 21 disponibiliza cursos gratuitos para comunicadores cat\u00f3licos de todo o Brasil. Profissionais e leigos envolvidos com a Pastoral da Comunica\u00e7\u00e3o poder\u00e3o participar de aulas relacionadas a \u201cIntrodu\u00e7\u00e3o \u00e0 Produ\u00e7\u00e3o de V\u00eddeo\u201d [&hellip;]<\/p>\n","protected":false},"author":1,"featured_media":0,"comment_status":"closed","ping_status":"closed","sticky":false,"template":"","format":"standard","meta":{"footnotes":""},"categories":[4],"tags":[],"class_list":["post-4920","post","type-post","status-publish","format-standard","hentry","category-cotidiano"],"_links":{"self":[{"href":"https:\/\/catolicanet.net\/wp-cnet\/wp-json\/wp\/v2\/posts\/4920","targetHints":{"allow":["GET"]}}],"collection":[{"href":"https:\/\/catolicanet.net\/wp-cnet\/wp-json\/wp\/v2\/posts"}],"about":[{"href":"https:\/\/catolicanet.net\/wp-cnet\/wp-json\/wp\/v2\/types\/post"}],"author":[{"embeddable":true,"href":"https:\/\/catolicanet.net\/wp-cnet\/wp-json\/wp\/v2\/users\/1"}],"replies":[{"embeddable":true,"href":"https:\/\/catolicanet.net\/wp-cnet\/wp-json\/wp\/v2\/comments?post=4920"}],"version-history":[{"count":1,"href":"https:\/\/catolicanet.net\/wp-cnet\/wp-json\/wp\/v2\/posts\/4920\/revisions"}],"predecessor-version":[{"id":9812,"href":"https:\/\/catolicanet.net\/wp-cnet\/wp-json\/wp\/v2\/posts\/4920\/revisions\/9812"}],"wp:attachment":[{"href":"https:\/\/catolicanet.net\/wp-cnet\/wp-json\/wp\/v2\/media?parent=4920"}],"wp:term":[{"taxonomy":"category","embeddable":true,"href":"https:\/\/catolicanet.net\/wp-cnet\/wp-json\/wp\/v2\/categories?post=4920"},{"taxonomy":"post_tag","embeddable":true,"href":"https:\/\/catolicanet.net\/wp-cnet\/wp-json\/wp\/v2\/tags?post=4920"}],"curies":[{"name":"wp","href":"https:\/\/api.w.org\/{rel}","templated":true}]}}