{"id":49189,"date":"2019-05-14T13:40:09","date_gmt":"2019-05-14T16:40:09","guid":{"rendered":"http:\/\/catolicanet.net\/wp-cnet\/?p=49189"},"modified":"2019-05-14T13:40:09","modified_gmt":"2019-05-14T16:40:09","slug":"determinante-artifice-da-comunhao-paz-e-reconciliacao-diz-papa-sobre-cardeal-sfeir","status":"publish","type":"post","link":"https:\/\/catolicanet.net\/wp-cnet\/determinante-artifice-da-comunhao-paz-e-reconciliacao-diz-papa-sobre-cardeal-sfeir\/","title":{"rendered":"&#8220;Determinante art\u00edfice da comunh\u00e3o, paz e reconcilia\u00e7\u00e3o&#8221;, diz Papa sobre cardeal Sfeir"},"content":{"rendered":"<div class=\"article__subTitle\">Na mensagem de pesar enviada ao cardeal B\u00e9chara Boutros Ra\u00ef, o Santo Padre destaca alguns tra\u00e7os marcantes do cardeal patriarca: &#8220;ardente defensor da soberania e independ\u00eancia de seu pa\u00eds, ele continuar\u00e1 sendo uma figura proeminente na hist\u00f3ria do L\u00edbano\u201d.<\/div>\n<div class=\"title__separator\"><\/div>\n<div class=\"article__text\">\n<p><b>Cidade do Vaticano<\/b><\/p>\n<p>\u201cTendo tomado conhecimento com tristeza da <a href=\"https:\/\/www.vaticannews.va\/pt\/mundo\/news\/2019-05\/morte-cardeal-sfeir-beirute.html\">morte aos 99 anos<\/a> de Sua Beatitude o cardeal Nasrallah Pierre Sfeir, Patriarca em\u00e9rito de Antioquia dos Maronitas, envio minhas condol\u00eancias ao senhor, a sua fam\u00edlia, e a todos os fi\u00e9is de Igreja Patriarcal de Antioquia dos Maronitas, que ele governou por muitos anos com a mesma do\u00e7ura e determina\u00e7\u00e3o\u201d, escreve o Papa Francisco na mensagem de pesar enviada nesta ter\u00e7a-feira, 14, ao cardeal B\u00e9chara Boutros Ra\u00ef, O.M.M, Patriarca de Antioquia dos Maronitas.<\/p>\n<div>\n<div class=\"article__embed article__embed--unwrap article__embed--dark\">\n<div class=\"article__innerTitle\">Ou\u00e7a e compartilhe!<\/div>\n<!--[if lt IE 9]><script>document.createElement('audio');<\/script><![endif]-->\n<audio class=\"wp-audio-shortcode\" id=\"audio-49189-1\" preload=\"none\" style=\"width: 100%;\" controls=\"controls\"><source type=\"audio\/mpeg\" src=\"https:\/\/media.vaticannews.va\/media\/audio\/s1\/2019\/05\/14\/11\/135021705_F135021705.mp3?_=1\" \/><a href=\"https:\/\/media.vaticannews.va\/media\/audio\/s1\/2019\/05\/14\/11\/135021705_F135021705.mp3\">https:\/\/media.vaticannews.va\/media\/audio\/s1\/2019\/05\/14\/11\/135021705_F135021705.mp3<\/a><\/audio>\n<\/div>\n<\/div>\n<p>Ao tra\u00e7ar algumas caracter\u00edsticas marcantes do cardeal falecido, o Santo Padre ressalta que, \u201chomem livre e corajoso, o cardeal Sfeir exerceu sua miss\u00e3o em um contexto conturbado e foi um determinante art\u00edfice na comunh\u00e3o, paz e reconcilia\u00e7\u00e3o. Ardente defensor da soberania e independ\u00eancia de seu pa\u00eds, ele continuar\u00e1 sendo uma figura proeminente na hist\u00f3ria do L\u00edbano\u201d.<\/p>\n<p>\u201cPe\u00e7o ao Pai de toda a miseric\u00f3rdia, que acolha em sua morada de paz e luz este pastor s\u00e1bio e comprometido, que soube mostrar o amor de Deus ao povo que lhe havia sido confiado\u201d.<\/p>\n<p>Na conclus\u00e3o da mensagem, o Santo Padre concede sua B\u00ean\u00e7\u00e3o Apost\u00f3lica ao Patriarca, \u00e0 fam\u00edlia do cardeal falecido, a todos aqueles que o acompanharam em seus \u00faltimos anos e aqueles que tomam parte na celebra\u00e7\u00e3o f\u00fanebre.<\/p>\n<h2>Biografia do cardeal Nasrallah Sfeir<\/h2>\n<h2><\/h2>\n<p>S. B. Cardeal Nasrallah Pierre Sfeir, Patriarca Em\u00e9rito de Antioquia dos Maronitas (L\u00edbano), nasceu em Reyfoun, Diocese de Sarba dos Maronitas, L\u00edbano, em 15 de maio de 1920.<\/p>\n<p>Concluiu seus estudos prim\u00e1rios e complementares na escola de Mar-Abda Harharaya entre 1933 e 1936. Em seguida, \u00a0completou seus estudos secund\u00e1rios no Semin\u00e1rio Saint-Maron, Gahzir, L\u00edbano, entre 1937 e 1939 e sucessivamente no Semin\u00e1rio Maior da Universidade de S\u00e3o Jos\u00e9 em Beyrouth, entre 1940 e 1943.<\/p>\n<div>\n<aside class=\"article__readmore\">\n<div class=\"teaser--labelEvidence teaser teaser--type-article\">\n<article>\n<div class=\"teaser__labelWrapper\"><\/div>\n<\/article>\n<\/div>\n<\/aside>\n<\/div>\n<\/div>\n<p>Concluiu seus estudos filos\u00f3ficos e teol\u00f3gicos na Faculdade de Teologia da Universidade de S\u00e3o Jos\u00e9 entre 1944 e 1950.<\/p>\n<p>Foi ordenado sacerdote em 7 de maio de 1950, sendo nomeado p\u00e1roco da Par\u00f3quia de Reyfoun e Secret\u00e1rio da Diocese de Damas, minist\u00e9rio exercido de 1950 a 1956.<\/p>\n<p>Nomeado Secret\u00e1rio do Patriarcado Maronita, ocupou este cargo de 1956 a 1961.<\/p>\n<p>Ensinou Literatura e Filosofia \u00c1rabe e Tradu\u00e7\u00e3o no Col\u00e9gio dos Padres Maristas em Jounieh, de 1951 a 1961.<\/p>\n<p>Eleito para a Igreja titular de Tarso dos Maronitas, foi nomeado Vig\u00e1rio Geral Patriarcal no dia 19 junho de 1961, sendo confirmado em 23 de junho e em 16 de julho sucessivo recebeu a ordem episcopal.<\/p>\n<p>Ele foi nomeado Administrator Patriarcal junto \u00e0 Sua Excel\u00eancia o Bispo Antoine Piere Khoraiche, ent\u00e3o arcebispo de Saida (1974-1975). Mais tarde, foi nomeado Diretor de Comiss\u00e3o para a revis\u00e3o do Direito Can\u00f4nico (1980).<\/p>\n<p>Em 1977 \u00a0foi nomeado representante do Presidente da Assembleia dos Patriarcas e dos Bispos Cat\u00f3licos no L\u00edbano para a Caritas-L\u00edbano e em 1980 foi nomeado Conselheiro Espiritual da Ordem de Malta.<\/p>\n<p>Foi eleito Patriarca de Antioquia dos Maronitas em 19 de abril de 1986, tomando posse do Patriarcado em 27 de abril do mesmo ano.<\/p>\n<p>Participou de tr\u00eas Assembleias Gerais do S\u00ednodo dos Bispos entre 1986 e 1994.<\/p>\n<p>Foi criado e proclamado cardeal por S\u00e3o Jo\u00e3o Paulo II no Consist\u00f3rio de 26 de novembro de 1994.<\/p>\n<p>Foi Presidente Delegado na Assembleia Extraordin\u00e1ria para o L\u00edbano (26 de novembro a 14 de dezembro 1995).<\/p>\n<p>Presidente Delegado <i>ad honorem<\/i> para na Assembleia Especial para o Oriente M\u00e9dio do S\u00ednodo dos Bispos (outubro de 2010).<\/p>\n<p>Foi presidente da Assembleia dos Patriarcas e dos Bispos Cat\u00f3licos no L\u00edbano e Chefe do S\u00ednodo da Igreja Maronita. Foi tamb\u00e9m presidente do Conselho dos Patriarcas Cat\u00f3licos do Oriente (C.P.C.O.).<\/p>\n<p>Tornou-se Patriarca em\u00e9rito de Antioquia dos Maronitas (L\u00edbano), em 26 de fevereiro de 2011.<\/p>\n<p>O cardeal Nasrallah Pierre Sfeir faleceu no domingo, 12 de maio de 2019.<\/p>\n","protected":false},"excerpt":{"rendered":"<p>Na mensagem de pesar enviada ao cardeal B\u00e9chara Boutros Ra\u00ef, o Santo Padre destaca alguns tra\u00e7os marcantes do cardeal patriarca: &#8220;ardente defensor da soberania e independ\u00eancia de seu pa\u00eds, ele continuar\u00e1 sendo uma figura proeminente na hist\u00f3ria do L\u00edbano\u201d. Cidade do Vaticano \u201cTendo tomado conhecimento com tristeza da morte aos 99 anos de Sua Beatitude [&hellip;]<\/p>\n","protected":false},"author":1,"featured_media":49190,"comment_status":"open","ping_status":"closed","sticky":false,"template":"","format":"standard","meta":{"footnotes":""},"categories":[3],"tags":[],"class_list":["post-49189","post","type-post","status-publish","format-standard","has-post-thumbnail","hentry","category-vaticano"],"_links":{"self":[{"href":"https:\/\/catolicanet.net\/wp-cnet\/wp-json\/wp\/v2\/posts\/49189","targetHints":{"allow":["GET"]}}],"collection":[{"href":"https:\/\/catolicanet.net\/wp-cnet\/wp-json\/wp\/v2\/posts"}],"about":[{"href":"https:\/\/catolicanet.net\/wp-cnet\/wp-json\/wp\/v2\/types\/post"}],"author":[{"embeddable":true,"href":"https:\/\/catolicanet.net\/wp-cnet\/wp-json\/wp\/v2\/users\/1"}],"replies":[{"embeddable":true,"href":"https:\/\/catolicanet.net\/wp-cnet\/wp-json\/wp\/v2\/comments?post=49189"}],"version-history":[{"count":1,"href":"https:\/\/catolicanet.net\/wp-cnet\/wp-json\/wp\/v2\/posts\/49189\/revisions"}],"predecessor-version":[{"id":49191,"href":"https:\/\/catolicanet.net\/wp-cnet\/wp-json\/wp\/v2\/posts\/49189\/revisions\/49191"}],"wp:featuredmedia":[{"embeddable":true,"href":"https:\/\/catolicanet.net\/wp-cnet\/wp-json\/wp\/v2\/media\/49190"}],"wp:attachment":[{"href":"https:\/\/catolicanet.net\/wp-cnet\/wp-json\/wp\/v2\/media?parent=49189"}],"wp:term":[{"taxonomy":"category","embeddable":true,"href":"https:\/\/catolicanet.net\/wp-cnet\/wp-json\/wp\/v2\/categories?post=49189"},{"taxonomy":"post_tag","embeddable":true,"href":"https:\/\/catolicanet.net\/wp-cnet\/wp-json\/wp\/v2\/tags?post=49189"}],"curies":[{"name":"wp","href":"https:\/\/api.w.org\/{rel}","templated":true}]}}