{"id":4917,"date":"2014-07-29T19:34:56","date_gmt":"2014-07-29T22:34:56","guid":{"rendered":"http:\/\/catolicanet.net\/wp-cnet\/encontro-anima-caminhada-vocacional-na-diocese-de-maraba\/"},"modified":"2017-04-06T10:34:22","modified_gmt":"2017-04-06T13:34:22","slug":"encontro-anima-caminhada-vocacional-na-diocese-de-maraba","status":"publish","type":"post","link":"https:\/\/catolicanet.net\/wp-cnet\/encontro-anima-caminhada-vocacional-na-diocese-de-maraba\/","title":{"rendered":"Encontro anima caminhada vocacional na diocese de Marab\u00e1"},"content":{"rendered":"<p style=\"text-align: justify;\"><img decoding=\"async\" src=\"http:\/\/catolicanet.com.br\/images\/stories\/encontrovocacionalmaraba.jpg\" border=\"0\" align=\"left\" \/>Com objetivo de despertar a voca\u00e7\u00e3o ao sacerd\u00f3cio, a diocese de Marab\u00e1 (PA) promoveu, entre os dias 25 a 27 de julho, encontro de vocacionados no Centro de Pastoral em Paraupebas. Com o tema \u201cDespertar Vocacional\u201d, o evento contou com a presen\u00e7a da comunidade em geral e muitos adolescentes e jovens das par\u00f3quias. A coordena\u00e7\u00e3o e anima\u00e7\u00e3o ficaram a cargo de alguns padres da diocese e seminaristas que estudam Proped\u00eautico, Filosofia e Teologia em Bel\u00e9m.<\/p>\n<p>O bispo diocesano de Marab\u00e1, dom Vital Corbellini, presidiu a missa de abertura no s\u00e1bado pela manh\u00e3. Para dom Vital, o encontro traz esperan\u00e7a para a vida diocesana e eclesial. O bispo dialogou com os futuros vocacionados sobre o perfil do sacerdote na realidade atual. \u201c\u00c9 um disc\u00edpulo mission\u00e1rio de Jesus, pastor, amigo de Deus e do povo, que precisa ser din\u00e2mico e dar a vida como exemplo\u201d, disse.<\/p>\n<p>Dom Vital acrescentou que \u201ca voca\u00e7\u00e3o \u00e9 um chamado do Senhor para servi-Lo nas pessoas dos irm\u00e3os e das irm\u00e3s e constitui um dom de Deus para que a messe n\u00e3o se perca e todos tenham a alegria de seguir a Jesus e de viver em comunidade\u201d. O bispo afirma que a diocese de Marab\u00e1 \u00e9 necessitada de minist\u00e9rios leigos, de voca\u00e7\u00f5es \u00e0 vida sacerdotal, religiosa e matrimonial, bem como de sacerdotes a servi\u00e7o do povo de Deus.\u00a0 \u201cMuitas a\u00e7\u00f5es evangelizadoras est\u00e3o sendo realizadas para que a vida e anima\u00e7\u00e3o mission\u00e1rias estejam firmes em n\u00f3s e no povo de Deus com a ilumina\u00e7\u00e3o do Esp\u00edrito Santo\u201d, reconhece o religioso.<\/p>\n<p style=\"text-align: justify;\">\u00a0<\/p>\n<p style=\"text-align: justify;\">Fonte: CNBB<\/p>\n","protected":false},"excerpt":{"rendered":"<p>Com objetivo de despertar a voca\u00e7\u00e3o ao sacerd\u00f3cio, a diocese de Marab\u00e1 (PA) promoveu, entre os dias 25 a 27 de julho, encontro de vocacionados no Centro de Pastoral em Paraupebas. Com o tema \u201cDespertar Vocacional\u201d, o evento contou com a presen\u00e7a da comunidade em geral e muitos adolescentes e jovens das par\u00f3quias. A coordena\u00e7\u00e3o [&hellip;]<\/p>\n","protected":false},"author":1,"featured_media":0,"comment_status":"closed","ping_status":"closed","sticky":false,"template":"","format":"standard","meta":{"footnotes":""},"categories":[7],"tags":[],"class_list":["post-4917","post","type-post","status-publish","format-standard","hentry","category-cnbb"],"_links":{"self":[{"href":"https:\/\/catolicanet.net\/wp-cnet\/wp-json\/wp\/v2\/posts\/4917","targetHints":{"allow":["GET"]}}],"collection":[{"href":"https:\/\/catolicanet.net\/wp-cnet\/wp-json\/wp\/v2\/posts"}],"about":[{"href":"https:\/\/catolicanet.net\/wp-cnet\/wp-json\/wp\/v2\/types\/post"}],"author":[{"embeddable":true,"href":"https:\/\/catolicanet.net\/wp-cnet\/wp-json\/wp\/v2\/users\/1"}],"replies":[{"embeddable":true,"href":"https:\/\/catolicanet.net\/wp-cnet\/wp-json\/wp\/v2\/comments?post=4917"}],"version-history":[{"count":1,"href":"https:\/\/catolicanet.net\/wp-cnet\/wp-json\/wp\/v2\/posts\/4917\/revisions"}],"predecessor-version":[{"id":9808,"href":"https:\/\/catolicanet.net\/wp-cnet\/wp-json\/wp\/v2\/posts\/4917\/revisions\/9808"}],"wp:attachment":[{"href":"https:\/\/catolicanet.net\/wp-cnet\/wp-json\/wp\/v2\/media?parent=4917"}],"wp:term":[{"taxonomy":"category","embeddable":true,"href":"https:\/\/catolicanet.net\/wp-cnet\/wp-json\/wp\/v2\/categories?post=4917"},{"taxonomy":"post_tag","embeddable":true,"href":"https:\/\/catolicanet.net\/wp-cnet\/wp-json\/wp\/v2\/tags?post=4917"}],"curies":[{"name":"wp","href":"https:\/\/api.w.org\/{rel}","templated":true}]}}