{"id":49165,"date":"2019-05-13T13:49:36","date_gmt":"2019-05-13T16:49:36","guid":{"rendered":"http:\/\/catolicanet.net\/wp-cnet\/?p=49165"},"modified":"2019-05-13T13:49:36","modified_gmt":"2019-05-13T16:49:36","slug":"irmas-beneditinas-na-ucrania-ajudam-o-mundo-com-suas-oracoes","status":"publish","type":"post","link":"https:\/\/catolicanet.net\/wp-cnet\/irmas-beneditinas-na-ucrania-ajudam-o-mundo-com-suas-oracoes\/","title":{"rendered":"Irm\u00e3s Beneditinas na Ucr\u00e2nia ajudam o mundo com suas ora\u00e7\u00f5es"},"content":{"rendered":"<p><iframe loading=\"lazy\" width=\"696\" height=\"392\" src=\"https:\/\/www.youtube.com\/embed\/AJfVJHL3bRw?feature=oembed\" frameborder=\"0\" allow=\"accelerometer; autoplay; encrypted-media; gyroscope; picture-in-picture\" allowfullscreen><\/iframe><\/p>\n<div class=\"fusion-text\">\n<p>As Irm\u00e3s Beneditinas na Ucr\u00e2nia se recolhem em ora\u00e7\u00e3o do lado de dentro do Mosteiro para ajudar os que est\u00e3o do lado de fora. <em>\u201cEstai sempre alegres. Orai continuamente. Dai gra\u00e7as, em toda e qualquer situa\u00e7\u00e3o, porque esta \u00e9 a vontade de Deus, no Cristo Jesus, a vosso respeito\u201d<\/em> (1Ts 5:16-18). O carisma mon\u00e1stico da Ordem Beneditina testemunha esta voca\u00e7\u00e3o crist\u00e3. Sem cessar, elas rezam e trabalham para melhor louvar e servir a Deus. Assim \u00e9 no <a href=\"https:\/\/www.acn.org.br\/projetos\/sobrevivendo-no-inverno-da-ucrania\/\">Mosteiro de St. Benedict<\/a>, em Zytomierz, na <a href=\"https:\/\/www.acn.org.br\/relatorio-liberdade-religiosa\/ucrania\/\">Ucr\u00e2nia<\/a>, onde as irm\u00e3s vivem em clausura. E a irm\u00e3 Klara explica:<strong> \u201cn\u00e3o estamos desconectadas do mundo porque as nossas ora\u00e7\u00f5es nos ligam com todo o mundo.<\/strong> N\u00f3s rezamos pelo povo de todas as na\u00e7\u00f5es. Nos recolhemos em ora\u00e7\u00e3o do lado de dentro para ajudar as pessoas que est\u00e3o do lado de fora.\u201d<\/p>\n<p>A religiosa tamb\u00e9m compartilha um conselho: \u201cAs pessoas deveriam ler a B\u00edblia com mais frequ\u00eancia, deviam ouvir a Deus com mais frequ\u00eancia, deviam apaixonar-se por Ele. <strong>Pobreza n\u00e3o \u00e9 s\u00f3 material, mas tamb\u00e9m acontece quando n\u00e3o ouvimos a Deus.<\/strong> Nos tornamos pobres quando fazemos o que a nossa natureza humana dita o que devemos fazer. Viver Deus \u00e9 ser rico. Ele \u00e9 leve. Quanto mais O ouvimos, mais a Sua luz brilha em n\u00f3s.\u201d<\/p>\n<h2 data-fontsize=\"30\" data-lineheight=\"39\">Uma vida humilde de sil\u00eancio e ora\u00e7\u00e3o.<\/h2>\n<p>\u201cDificilmente algu\u00e9m escolheria uma vida de pobreza, castidade e obedi\u00eancia a Deus. \u00c9 um chamado. Nossa voca\u00e7\u00e3o n\u00e3o \u00e9 uma escolha, mas sim uma resposta ao chamado de Deus,\u201d diz a irm\u00e3 Klara. Os religiosos Beneditinos vivem de acordo com a Regra de S\u00e3o Benedito, que prov\u00ea ensinamentos sobre as virtudes mon\u00e1sticas assim como diretrizes para a vida di\u00e1ria. \u201cNossa primeira tarefa s\u00e3o as ora\u00e7\u00f5es. Ela est\u00e1 acompanhada de algumas outras responsabilidades, como, por exemplo, vida em comunidade. Temos dois votos especiais. Um \u00e9 chamado <em>stabilitas loci<\/em>, que significa que n\u00f3s temos que viver permanentemente em um local. O outro, \u00e9 a convers\u00e3o moral, vivemos unicamente de acordo com os conselhos de Deus,\u201d explica irm\u00e3 Klara.<\/p>\n<p>Apesar das religiosas n\u00e3o fazerem voto de sil\u00eancio, horas de absoluto sil\u00eancio s\u00e3o praticadas, e em outras situa\u00e7\u00f5es, o sil\u00eancio \u00e9 mantido ao m\u00e1ximo. \u201c\u00c9 preciso saber viver consigo pr\u00f3prio\u201d, fala a irm\u00e3. Em sua comunidade, as 18 irm\u00e3s que vivem no Mosteiro levam uma vida humilde de sil\u00eancio e ora\u00e7\u00e3o.<\/p>\n<\/div>\n<div class=\"imageframe-align-center\">\n<div class=\"fusion-image-frame-bottomshadow image-frame-shadow-1\"><span class=\"fusion-imageframe imageframe-bottomshadow imageframe-1 element-bottomshadow hover-type-none\"><img loading=\"lazy\" decoding=\"async\" class=\"img-responsive wp-image-36980\" title=\"ACN-Religiosas-Pagina-Irma-Klara-2\" src=\"https:\/\/www.acn.org.br\/wp-content\/uploads\/2019\/04\/ACN-Religiosas-Pagina-Irma-Klara-2.jpg\" sizes=\"auto, (max-width: 800px) 100vw, 800px\" srcset=\"https:\/\/www.acn.org.br\/wp-content\/uploads\/2019\/04\/ACN-Religiosas-Pagina-Irma-Klara-2-200x126.jpg 200w, https:\/\/www.acn.org.br\/wp-content\/uploads\/2019\/04\/ACN-Religiosas-Pagina-Irma-Klara-2-400x253.jpg 400w, https:\/\/www.acn.org.br\/wp-content\/uploads\/2019\/04\/ACN-Religiosas-Pagina-Irma-Klara-2-600x379.jpg 600w, https:\/\/www.acn.org.br\/wp-content\/uploads\/2019\/04\/ACN-Religiosas-Pagina-Irma-Klara-2-800x505.jpg 800w, https:\/\/www.acn.org.br\/wp-content\/uploads\/2019\/04\/ACN-Religiosas-Pagina-Irma-Klara-2-1200x758.jpg 1200w, https:\/\/www.acn.org.br\/wp-content\/uploads\/2019\/04\/ACN-Religiosas-Pagina-Irma-Klara-2.jpg 1900w\" alt=\"Irm\u00e3 Klara Sviderska\" width=\"1900\" height=\"1200\" \/><\/span><\/div>\n<\/div>\n<div class=\"fusion-text\">\n<p><em>Irm\u00e3 Klara Sviderska<\/em><\/p>\n<\/div>\n<div class=\"fusion-text\">\n<h2 data-fontsize=\"30\" data-lineheight=\"39\">Voca\u00e7\u00e3o<\/h2>\n<p>Nascida em fam\u00edlia Cat\u00f3lica Ucraniana, irm\u00e3 Klara Sviderska tem dois irm\u00e3os. Um abra\u00e7ou a vida religiosa como ela, o outro \u00e9 casado e tem filhos. A irm\u00e3 Klara vive no mosteiro em Zytomierz h\u00e1 21 anos. Antes disso, ela exercia a profiss\u00e3o de m\u00e9dica.<\/p>\n<p>\u201cEu era uma garota comum, alegre e adorava me divertir. Sempre quis ter uma fam\u00edlia, um bom marido e v\u00e1rios filhos. Eu costumava ir \u00e0 Santa Missa todos os dia e rezava por um marido. Um dia, durante a Adora\u00e7\u00e3o, eu compreendi que deveria tomar Jesus com meu noivo. N\u00e3o obstante, levei dois anos at\u00e9 assumir o compromisso,\u201d relatou irm\u00e3 Klara. \u201cEu nunca desejei viver recolhida num mosteiro. Jamais imaginei. Um dia, ficou muito claro para mim que deveria oferecer a Jesus o que Ele j\u00e1 havia me oferecido: minha vida. Eu n\u00e3o deveria viver conforme a minha vontade, mas de acordo com a vontade Dele\u201d acrescentou a religiosa.<\/p>\n<\/div>\n<div class=\"fusion-sep-clear\"><\/div>\n","protected":false},"excerpt":{"rendered":"<p>As Irm\u00e3s Beneditinas na Ucr\u00e2nia se recolhem em ora\u00e7\u00e3o do lado de dentro do Mosteiro para ajudar os que est\u00e3o do lado de fora. \u201cEstai sempre alegres. Orai continuamente. Dai gra\u00e7as, em toda e qualquer situa\u00e7\u00e3o, porque esta \u00e9 a vontade de Deus, no Cristo Jesus, a vosso respeito\u201d (1Ts 5:16-18). O carisma mon\u00e1stico da [&hellip;]<\/p>\n","protected":false},"author":1,"featured_media":49166,"comment_status":"open","ping_status":"closed","sticky":false,"template":"","format":"standard","meta":{"footnotes":""},"categories":[13],"tags":[],"class_list":["post-49165","post","type-post","status-publish","format-standard","has-post-thumbnail","hentry","category-featured"],"_links":{"self":[{"href":"https:\/\/catolicanet.net\/wp-cnet\/wp-json\/wp\/v2\/posts\/49165","targetHints":{"allow":["GET"]}}],"collection":[{"href":"https:\/\/catolicanet.net\/wp-cnet\/wp-json\/wp\/v2\/posts"}],"about":[{"href":"https:\/\/catolicanet.net\/wp-cnet\/wp-json\/wp\/v2\/types\/post"}],"author":[{"embeddable":true,"href":"https:\/\/catolicanet.net\/wp-cnet\/wp-json\/wp\/v2\/users\/1"}],"replies":[{"embeddable":true,"href":"https:\/\/catolicanet.net\/wp-cnet\/wp-json\/wp\/v2\/comments?post=49165"}],"version-history":[{"count":1,"href":"https:\/\/catolicanet.net\/wp-cnet\/wp-json\/wp\/v2\/posts\/49165\/revisions"}],"predecessor-version":[{"id":49167,"href":"https:\/\/catolicanet.net\/wp-cnet\/wp-json\/wp\/v2\/posts\/49165\/revisions\/49167"}],"wp:featuredmedia":[{"embeddable":true,"href":"https:\/\/catolicanet.net\/wp-cnet\/wp-json\/wp\/v2\/media\/49166"}],"wp:attachment":[{"href":"https:\/\/catolicanet.net\/wp-cnet\/wp-json\/wp\/v2\/media?parent=49165"}],"wp:term":[{"taxonomy":"category","embeddable":true,"href":"https:\/\/catolicanet.net\/wp-cnet\/wp-json\/wp\/v2\/categories?post=49165"},{"taxonomy":"post_tag","embeddable":true,"href":"https:\/\/catolicanet.net\/wp-cnet\/wp-json\/wp\/v2\/tags?post=49165"}],"curies":[{"name":"wp","href":"https:\/\/api.w.org\/{rel}","templated":true}]}}