{"id":49155,"date":"2019-05-13T11:31:59","date_gmt":"2019-05-13T14:31:59","guid":{"rendered":"http:\/\/catolicanet.net\/wp-cnet\/?p=49155"},"modified":"2019-05-13T11:31:59","modified_gmt":"2019-05-13T14:31:59","slug":"juri-de-especialistas-escolhem-os-3-finalistas-dos-premios-de-comunicacao-da-cnbb","status":"publish","type":"post","link":"https:\/\/catolicanet.net\/wp-cnet\/juri-de-especialistas-escolhem-os-3-finalistas-dos-premios-de-comunicacao-da-cnbb\/","title":{"rendered":"J\u00fari de especialistas escolhem os 3 finalistas dos Pr\u00eamios de Comunica\u00e7\u00e3o da CNBB"},"content":{"rendered":"<p>Durante a 57\u00aa Assembleia da CNBB, em Aparecida (SP), realizada de 1\u00ba a 10 de maio, os \u00faltimos nomes dos finalistas dos Pr\u00eamios de Comunica\u00e7\u00e3o da CNBB foram enviados \u00e0 Comiss\u00e3o Episcopal Pastoral para a Comunica\u00e7\u00e3o. Este ano, excepcionalmente, por causa do falecimento do Prof. Miguel Pereira, da PUC Rio, os finalistas do pr\u00eamio de cinema (Margarida de Prata) foram escolhidos pela Comiss\u00e3o de Comunica\u00e7\u00e3o com o aux\u00edlio de professores de cinema de universidades de Bras\u00edlia (DF). Os outros finalistas, como nos anos anteriores, foram escolhidos por professores da PUC Goi\u00e1s (Clara de Assis), Universidade Cat\u00f3lica de Salvador (Dom Luciano Mendes de Almeida), Universidade Cat\u00f3lica de Bras\u00edlia (Dom H\u00e9lder C\u00e2mara) e profissionais da Rede Cat\u00f3lica de R\u00e1dio e da Signis Brasil escolheram os finalistas do pr\u00eamio Microfone de Prata.<\/p>\n<p>Os finalistas e seus trabalhos foram encaminhados para o J\u00fari dos bispos que apresentam os ganhadores at\u00e9 o m\u00eas de junho. Os nomes dos ganhadores, no entanto, s\u00f3 ser\u00e3o publicados na cerim\u00f4nia de entrega dos Pr\u00eamios de Comunica\u00e7\u00e3o, no dia 19 de julho, durante o 11\u00ba Mutir\u00e3o Brasileiro da Comunica\u00e7\u00e3o, que ser\u00e1 realizado em Goi\u00e2nia (GO) e transmitido para todo o Brasil por emissoras de inspira\u00e7\u00e3o cat\u00f3lica.<\/p>\n<p>A ordem dos finalistas \u00e9 aleat\u00f3ria, isto \u00e9, n\u00e3o h\u00e1 primeiro, segundo e terceiro lugar.<\/p>\n<p>Confira:<\/p>\n<p><strong>PR\u00caMIO DE CINEMA \u2013 \u201cMargarida de Prata\u201d<br \/>\n<\/strong><em>Categoria longa-metragem<br \/>\n<\/em>T\u00edtulo:<strong> \u201cINEZITA\u201d \u2013 <\/strong>TV Cultura \u2013 S\u00e3o Paulo (SP) \u2013 Eneida Barbosa<br \/>\nT\u00edtulo:<strong> \u201cO VOO DA PRIMAVERA\u201d \u2013 <\/strong>Ess\u00e1 Filmes- Goi\u00e2nia (GO) \u2013 Dagmar Olmo Talga<br \/>\nT\u00edtulo: <strong>\u201cHENFIL\u201d \u2013 <\/strong>\u00a0Documenta Filmes \u2013 Rio de Janeiro (RJ) \u2013 \u00c2ngela Zo\u00e9 Meireles Sachetto<\/p>\n<p><em>Categoria longa-metragem<br \/>\n<\/em>T\u00edtulo: <strong>\u201cNOSSA TERRA\u201d \u2013 <\/strong>\u00a0Independente \u2013 Itaja\u00ed (SC) \u2013 Samuel Moreira<br \/>\nT\u00edtulo:<strong> \u201cFELIPA E O FOGUETE\u201d \u2013 <\/strong>\u00a0Pira Filmes Produ\u00e7\u00f5es- Goi\u00e2nia (GO) \u2013 Daniel Calil Can\u00e7ado<br \/>\nT\u00edtulo:<strong> \u201cBAIXA FUNDA, O DESTINO DE UM POVO\u201d- <\/strong>\u00a0Instituto Marlim Azul \u2013 Vit\u00f3ria (ES) \u2013 Marcello Sannyos<\/p>\n<p>&nbsp;<\/p>\n<p><strong>Pr\u00eamio de R\u00e1dio \u2013 \u201cMicrofone de Prata\u201d<br \/>\n<\/strong><em>Categoria Jornal\u00edstico<br \/>\n<\/em>T\u00edtulo:<strong> \u201cACERVO UNESCO\u201d \u2013 <\/strong>\u00a0R\u00e1dio Brasil Campinas \u2013 Campinas (SP) \u2013 Luiz Felipe Carneiro Louren\u00e7o Leite<br \/>\nT\u00edtulo: <strong>\u201cESPECIAL S\u00cdRIA \u2013 REFUGIADOS\u201d \u2013 <\/strong>\u00a0R\u00e1dio 93FM\/ Rio de Janeiro (RJ) \u2013 Juliano de Medeiros Salles<br \/>\nT\u00edtulo:<strong> \u201cNATAL \u2013 COMO SE FOSSE O PRIMEIRO<\/strong><strong>\u201d \u2013<\/strong> R\u00e1dio Band News FM \/ S\u00e3o Paulo (SP) \u2013 Maiara Bastianello<\/p>\n<p><em>Categoria Religioso<br \/>\n<\/em>T\u00edtulo:<strong> \u201cPHN 20 ANOS\u201d \u2013 <\/strong>\u00a0R\u00e1dio Can\u00e7\u00e3o Nova \u2013 Camila Helena Guimar\u00e3es<br \/>\nT\u00edtulo: <strong>\u201cNELSINHO PARA TODOS!\u201d \u2013 <\/strong>R\u00e1dio Aparecida \u2013 Carolina Serra Barboza de Faria Reis<br \/>\nT\u00edtulo:<strong> \u201cSORRINDO PRA VIDA\u201d \u2013 <\/strong>\u00a0Radio Can\u00e7\u00e3o Nova \u2013 Ana Paula Teixeira Guimar\u00e3es Jardim<\/p>\n<p><em>Categoria Entretenimento<br \/>\n<\/em>T\u00edtulo:<strong> \u201cPROGRAMA CIA DE M\u00daSICOS\u201d \u2013 <\/strong>R\u00e1dio Maria Brasil \u2013 Bras\u00edlia (DF) \u2013 M\u00f4nica Eva Pacheco Schaper<br \/>\nT\u00edtulo:<strong> \u201cR\u00c1DIO \u2013 A VOZ DA EMO\u00c7\u00c3O\u201d \u2013 <\/strong>R\u00e1dio Aparecida \u2013 Marcelo Pac\u00edfico Duarte<br \/>\nT\u00edtulo:<strong> \u201cPROGRAMA CAMISA 9\u201d <\/strong>\u2013 R\u00e1dio 9 de Julho \u2013 S\u00e3o Paulo (SP) \u2013 Daniel Gomes do Nascimento de Ara\u00fajo<\/p>\n<p>&nbsp;<\/p>\n<p><strong>Pr\u00eamio de Imprensa \u2013 \u201cDom H\u00e9lder C\u00e2mara\u201d<br \/>\n<\/strong><em>Categoria Jornal<br \/>\n<\/em>T\u00edtulo:<strong> \u201cLEVANTE DOS RIBEIRINHOS\u201d \u2013 <\/strong>Jornal Metr\u00f3poles\/ Bras\u00edlia (DF) \u2013 Eumano Silva<br \/>\nT\u00edtulo:<strong> \u201cNORDESTE RENOV\u00c1VEL\u201d \u2013 <\/strong>Jornal do Commercio\/ Recife (PE) \u2013 Luiza Freitas da Fonseca e Silva<br \/>\nT\u00edtulo: \u00a0<strong>\u201cA SAGA DOS MORADORES DE RUA EM S\u00c3O PAULO POR UM COPO D\u2019\u00c1GUA\u201d \u2013 <\/strong>BBC Brasil \u2013 Felipe de Souza Silva<\/p>\n<p><em>Categoria Revista<br \/>\n<\/em>T\u00edtulo: \u00a0<strong>\u201cPONTO DE EQUIL\u00cdBRIO \u2013 O QUE NOS DIZEM S\u00c9CULOS DE HIST\u00d3RIA E A NOVA LEGISLA\u00c7\u00c3O TRABALHISTA SOBRE LIMITES DE JORNADA\u201d- <\/strong>\u00a0Revista Labor\/ Belo Horizonte (MG) \u2013 L\u00edlia Gomes Ferreira de Menezes<br \/>\nT\u00edtulo: \u00a0<strong>\u201cAMAZ\u00d4NIA EM APUROS\u201d \u2013 <\/strong>Revista \u00c9poca\/ Rio de Janeiro (RJ) \u2013 Hudson Corr\u00eaa<br \/>\nT\u00edtulo: \u00a0<strong>\u201cMISSION\u00c1RIOS NA AMAZ\u00d4NIA\u201d \u2013 <\/strong>Revista P\u00e1ginas Abertas\/ S\u00e3o Paulo (SP) \u2013 Matheus Macedo Fernandes da Silva<\/p>\n<p>&nbsp;<\/p>\n<p><strong>Pr\u00eamio de TV \u2013 \u201cClara de Assis\u201d<br \/>\n<\/strong><em>Categoria Reportagem<br \/>\n<\/em>T\u00edtulo: <strong>\u201cEDUCA\u00c7\u00c3O: ACESSO E ACESSIBILIDADE\u00c9\u201d \u2013 <\/strong>TV Correio\/RecordPB \/ Jo\u00e3o Pessoa (PB) \u2013 Richelle Bezerra da Silva<br \/>\nT\u00edtulo:<strong> \u201cRELAT\u00d3RIOS SECRETOS DA CIA MOSTRAM QUE EPISCOPADO BRASILEIRO SE TORNOU PRINCIPAL VOZ EM DEFESA DOS DIREITOS HUMANOS DURANTE DITADURA\u201d- <\/strong>\u00a0Globo News \/ Bras\u00edlia (DF) \u2013 Gerson Camarotti<br \/>\nT\u00edtulo: <strong>\u201cADO\u00c7\u00c3O: CONSTRUINDO AFETOS\u201d \u2013 <\/strong>TV Senado \u2013 Bras\u00edlia (DF) \u2013 Maria Dinalva Ferreira<\/p>\n<p><em>Categoria Document\u00e1rio<br \/>\n<\/em>T\u00edtulo:<strong> \u201cO PODER DA (DES)INFORMA\u00c7\u00c3O\u201d \u2013 <\/strong>TV Brasil EBC\/Bras\u00edlia (DF) \u2013 Graciely Bittencourt Machado<br \/>\nT\u00edtulo:<strong> \u201cA ARQUITETURA QUE NOS UNE\u201d \u2013<\/strong> TV Brasil EBC\/Bras\u00edlia (DF) \u2013 Fl\u00e1via Peixoto Cardoso de Barros<br \/>\nT\u00edtulo:<strong> \u201cMARIAS DE F\u00c9\u201d \u2013 <\/strong>\u00a0TV Band\/S\u00e3o Paulo (SP) \u2013 Lu\u00eds Ot\u00e1vio da Silva<\/p>\n<p>&nbsp;<\/p>\n<p><strong>Pr\u00eamio de Internet \u2013 \u201cDom Luciano Mendes de Almeida\u201d<br \/>\n<\/strong><em>Categoria Portal, sites e blogs<br \/>\n<\/em>T\u00edtulo: <strong>\u201cS\u00d3 CHARGE BOA\u201d \u2013 <\/strong>Site S\u00f3 Not\u00edcia boa\/ Bras\u00edlia (DF) \u2013 Arisson Tavares da Silva<br \/>\nT\u00edtulo: \u00a0<strong>\u201cO GIRO DA PERIFERIA\u201d \u2013 <\/strong>webdocument\u00e1rio sobre empreendedorismo nas periferias\/ S\u00e3o Paulo (SP) \u2013 Mir\u00e9ia Aparecida da Silva Lima<br \/>\nT\u00edtulo: \u00a0<strong>\u201cPORTAL AGENCIA IGREJA\u201d \u2013\u00a0<\/strong> Portal Agencia Igreja\/ Caieiras (SP) \u2013 Caiene Cassoli Pinto<\/p>\n<p><em>Categoria Iniciativas em Redes Sociais<br \/>\n<\/em>T\u00edtulo: \u00a0<strong>\u201cA VIOL\u00caNCIA CONTRA A MULHER N\u00c3O \u00c9 FAKE NEWS\u201d \u2013 <\/strong>R\u00e1dio Ag\u00eancia Senado\/ Bras\u00edlia (DF) \u2013 Hunald Vale do Nascimento<br \/>\nT\u00edtulo: \u00a0<strong>\u201cVIDA DE CONVENTO\u201d \u2013 <\/strong>Perfil de Instagram\/ S\u00e3o Paulo (SP) \u2013 Paulo Henrique da Silva<br \/>\nT\u00edtulo: <strong>\u201cM\u00daSICAS PARA SEMEAR AMOR E PAZ NAS REDES SOCIAIS\u201d \u2013 <\/strong>Santu\u00e1rio M\u00e3e Rainha e Vencedora Tr\u00eas Vezes Admir\u00e1vel de Schoenstatt, de Salvador (BA) \u2013 Valdiki Pimentel Moura<\/p>\n<p><em>Categoria Aplicativos<br \/>\n<\/em>T\u00edtulo: \u00a0<strong>\u201cIRIS+\u201d \u2013 <\/strong>Museu do Amanh\u00e3\/Instituto de Desenvolvimento e Gest\u00e3o \u2013 IDG\/ Rio de Janeiro (RJ) \u2013 Eduardo Carvalho<br \/>\nT\u00edtulo: \u00a0<strong>\u201cSOU CATEQUISTA\u201d \u2013 <\/strong>Ag\u00eancia Minha Par\u00f3quia\/ S\u00e3o Paulo (SP) \u2013 Jacqueline Cristina Souza<br \/>\nT\u00edtulo:<strong> \u201cARQUIDIOCESE DE S\u00c3O SALVADOR DA BAHIA\u201d \u2013 <\/strong>Ag\u00eancia Parresia\/ Vit\u00f3ria (ES) \u2013 Sara Maria Cardoso Gomes dos Santos<\/p>\n","protected":false},"excerpt":{"rendered":"<p>Durante a 57\u00aa Assembleia da CNBB, em Aparecida (SP), realizada de 1\u00ba a 10 de maio, os \u00faltimos nomes dos finalistas dos Pr\u00eamios de Comunica\u00e7\u00e3o da CNBB foram enviados \u00e0 Comiss\u00e3o Episcopal Pastoral para a Comunica\u00e7\u00e3o. Este ano, excepcionalmente, por causa do falecimento do Prof. Miguel Pereira, da PUC Rio, os finalistas do pr\u00eamio de [&hellip;]<\/p>\n","protected":false},"author":1,"featured_media":49156,"comment_status":"open","ping_status":"closed","sticky":false,"template":"","format":"standard","meta":{"footnotes":""},"categories":[7],"tags":[],"class_list":["post-49155","post","type-post","status-publish","format-standard","has-post-thumbnail","hentry","category-cnbb"],"_links":{"self":[{"href":"https:\/\/catolicanet.net\/wp-cnet\/wp-json\/wp\/v2\/posts\/49155","targetHints":{"allow":["GET"]}}],"collection":[{"href":"https:\/\/catolicanet.net\/wp-cnet\/wp-json\/wp\/v2\/posts"}],"about":[{"href":"https:\/\/catolicanet.net\/wp-cnet\/wp-json\/wp\/v2\/types\/post"}],"author":[{"embeddable":true,"href":"https:\/\/catolicanet.net\/wp-cnet\/wp-json\/wp\/v2\/users\/1"}],"replies":[{"embeddable":true,"href":"https:\/\/catolicanet.net\/wp-cnet\/wp-json\/wp\/v2\/comments?post=49155"}],"version-history":[{"count":1,"href":"https:\/\/catolicanet.net\/wp-cnet\/wp-json\/wp\/v2\/posts\/49155\/revisions"}],"predecessor-version":[{"id":49157,"href":"https:\/\/catolicanet.net\/wp-cnet\/wp-json\/wp\/v2\/posts\/49155\/revisions\/49157"}],"wp:featuredmedia":[{"embeddable":true,"href":"https:\/\/catolicanet.net\/wp-cnet\/wp-json\/wp\/v2\/media\/49156"}],"wp:attachment":[{"href":"https:\/\/catolicanet.net\/wp-cnet\/wp-json\/wp\/v2\/media?parent=49155"}],"wp:term":[{"taxonomy":"category","embeddable":true,"href":"https:\/\/catolicanet.net\/wp-cnet\/wp-json\/wp\/v2\/categories?post=49155"},{"taxonomy":"post_tag","embeddable":true,"href":"https:\/\/catolicanet.net\/wp-cnet\/wp-json\/wp\/v2\/tags?post=49155"}],"curies":[{"name":"wp","href":"https:\/\/api.w.org\/{rel}","templated":true}]}}