{"id":49143,"date":"2019-05-06T11:06:10","date_gmt":"2019-05-06T14:06:10","guid":{"rendered":"http:\/\/catolicanet.net\/wp-cnet\/?p=49143"},"modified":"2019-05-13T11:10:49","modified_gmt":"2019-05-13T14:10:49","slug":"papa-nomeia-o-cardeal-claudio-hummes-relator-geral-do-sinodo-pan-amazonico","status":"publish","type":"post","link":"https:\/\/catolicanet.net\/wp-cnet\/papa-nomeia-o-cardeal-claudio-hummes-relator-geral-do-sinodo-pan-amazonico\/","title":{"rendered":"Papa nomeia o cardeal Cl\u00e1udio Hummes relator geral do S\u00ednodo Pan-Amaz\u00f4nico"},"content":{"rendered":"<h1 class=\"article__title\"><\/h1>\n<div class=\"article__subTitle\">Presidente da Rede Eclesial Pan-Amaz\u00f4nica (Repam), o purpurado \u00e9 arcebispo em\u00e9rito de S\u00e3o Paulo e ex-prefeito da Congrega\u00e7\u00e3o para o Clero. O Santo Padre nomeou tamb\u00e9m dois secret\u00e1rio especiais para a Assembleia Especial do S\u00ednodo<\/div>\n<div class=\"title__separator\"><\/div>\n<div class=\"article__text\">\n<p><b>Cidade do Vaticano<\/b><\/p>\n<p>Em vista da Assembleia Especial para a Regi\u00e3o Pan-Amaz\u00f4nica, que se realizar\u00e1 no Vaticano de 6 a 27 de outubro pr\u00f3ximo, com o tema \u201cAmaz\u00f4nia: novos caminho para a Igreja e por uma ecologia integral\u201d, o Santo Padre nomeou:<\/p>\n<div>\n<div class=\"article__embed article__embed--unwrap article__embed--dark\">\n<div class=\"article__innerTitle\">Ou\u00e7a e compartilhe!<\/div>\n<!--[if lt IE 9]><script>document.createElement('audio');<\/script><![endif]-->\n<audio class=\"wp-audio-shortcode\" id=\"audio-49143-1\" preload=\"none\" style=\"width: 100%;\" controls=\"controls\"><source type=\"audio\/mpeg\" src=\"https:\/\/media.vaticannews.va\/media\/audio\/s1\/2019\/05\/04\/14\/135007024_F135007024.mp3?_=1\" \/><a href=\"https:\/\/media.vaticannews.va\/media\/audio\/s1\/2019\/05\/04\/14\/135007024_F135007024.mp3\">https:\/\/media.vaticannews.va\/media\/audio\/s1\/2019\/05\/04\/14\/135007024_F135007024.mp3<\/a><\/audio>\n<\/div>\n<\/div>\n<h2>Relator Geral<\/h2>\n<p>O arcebispo em\u00e9rito de S\u00e3o Paulo e presidente da Rede Eclesial Pan-Amaz\u00f4nica (Repam), cardeal Claudio Hummes.<\/p>\n<\/div>\n<h2>Secret\u00e1rios Especiais<\/h2>\n<p>O vig\u00e1rio apost\u00f3lico de Puerto Maldonado, no Peru, Dom David Martinez de Aguirre Guinea, O.P.<\/p>\n<p>O subsecret\u00e1rio da Se\u00e7\u00e3o Migrantes e Refugiados do Dicast\u00e9rio para o Servi\u00e7o do Desenvolvimento Humano Integral, Mons. Michael Zcerny, S.J.<\/p>\n","protected":false},"excerpt":{"rendered":"<p>Presidente da Rede Eclesial Pan-Amaz\u00f4nica (Repam), o purpurado \u00e9 arcebispo em\u00e9rito de S\u00e3o Paulo e ex-prefeito da Congrega\u00e7\u00e3o para o Clero. O Santo Padre nomeou tamb\u00e9m dois secret\u00e1rio especiais para a Assembleia Especial do S\u00ednodo Cidade do Vaticano Em vista da Assembleia Especial para a Regi\u00e3o Pan-Amaz\u00f4nica, que se realizar\u00e1 no Vaticano de 6 a [&hellip;]<\/p>\n","protected":false},"author":1,"featured_media":49144,"comment_status":"open","ping_status":"closed","sticky":false,"template":"","format":"standard","meta":{"footnotes":""},"categories":[13],"tags":[],"class_list":["post-49143","post","type-post","status-publish","format-standard","has-post-thumbnail","hentry","category-featured"],"_links":{"self":[{"href":"https:\/\/catolicanet.net\/wp-cnet\/wp-json\/wp\/v2\/posts\/49143","targetHints":{"allow":["GET"]}}],"collection":[{"href":"https:\/\/catolicanet.net\/wp-cnet\/wp-json\/wp\/v2\/posts"}],"about":[{"href":"https:\/\/catolicanet.net\/wp-cnet\/wp-json\/wp\/v2\/types\/post"}],"author":[{"embeddable":true,"href":"https:\/\/catolicanet.net\/wp-cnet\/wp-json\/wp\/v2\/users\/1"}],"replies":[{"embeddable":true,"href":"https:\/\/catolicanet.net\/wp-cnet\/wp-json\/wp\/v2\/comments?post=49143"}],"version-history":[{"count":1,"href":"https:\/\/catolicanet.net\/wp-cnet\/wp-json\/wp\/v2\/posts\/49143\/revisions"}],"predecessor-version":[{"id":49145,"href":"https:\/\/catolicanet.net\/wp-cnet\/wp-json\/wp\/v2\/posts\/49143\/revisions\/49145"}],"wp:featuredmedia":[{"embeddable":true,"href":"https:\/\/catolicanet.net\/wp-cnet\/wp-json\/wp\/v2\/media\/49144"}],"wp:attachment":[{"href":"https:\/\/catolicanet.net\/wp-cnet\/wp-json\/wp\/v2\/media?parent=49143"}],"wp:term":[{"taxonomy":"category","embeddable":true,"href":"https:\/\/catolicanet.net\/wp-cnet\/wp-json\/wp\/v2\/categories?post=49143"},{"taxonomy":"post_tag","embeddable":true,"href":"https:\/\/catolicanet.net\/wp-cnet\/wp-json\/wp\/v2\/tags?post=49143"}],"curies":[{"name":"wp","href":"https:\/\/api.w.org\/{rel}","templated":true}]}}