{"id":4913,"date":"2023-07-29T00:00:00","date_gmt":"2023-07-29T03:00:00","guid":{"rendered":"http:\/\/catolicanet.net\/wp-cnet\/santa-marta\/"},"modified":"2023-01-02T17:06:35","modified_gmt":"2023-01-02T20:06:35","slug":"santa-marta","status":"publish","type":"post","link":"https:\/\/catolicanet.net\/wp-cnet\/santa-marta\/","title":{"rendered":"Santa Marta"},"content":{"rendered":"<p style=\"text-align: justify;\">As Escrituras contam que, em seus poucos momentos de descanso ou lazer, Jesus procurava a casa de amigos em Bet\u00e2nia, local muito agrad\u00e1vel h\u00e1 apenas tr\u00eas quil\u00f4metros de Jerusal\u00e9m. L\u00e1 moravam Marta, L\u00e1zaro e Maria, tr\u00eas irm\u00e3os provavelmente filhos de Sim\u00e3o, o leproso. H\u00e1 poucas mas important\u00edssimas cita\u00e7\u00f5es de Marta nas Sagradas Escrituras.<\/p>\n<p>\u00c9 narrado, por exemplo, o primeiro momento em que Jesus pisou em sua casa. Por isso existe a d\u00favida de que Sim\u00e3o fosse mesmo o pai deles, pois a casa \u00e9 citada como se fosse de Marta, a mais velha dos irm\u00e3os. Mas ali chegando, Jesus conversava com eles e Maria estava aos p\u00e9s do Senhor, ouvindo sua prega\u00e7\u00e3o. Marta, trabalhadora e respons\u00e1vel, reclamou da posi\u00e7\u00e3o da irm\u00e3, que nada fazia, apenas ouvindo o Mestre. Jesus aproveita, ent\u00e3o, para ensinar que os valores espirituais s\u00e3o mais importantes do que os materiais, apoiando Maria em sua ocupa\u00e7\u00e3o de ouvir e aprender.<\/p>\n<p>Fala-se dela tamb\u00e9m quando da ressurrei\u00e7\u00e3o de L\u00e1zaro. \u00c9 ela quem mais fala com Jesus nesse acontecimento. Marta disse a Jesus: &#8220;Senhor, se tivesses estado aqui, o meu irm\u00e3o n\u00e3o teria morrido. Mas mesmo agora, eu sei que tudo o que pedires a Deus, Deus dar\u00e1&#8221;.<\/p>\n<p>Trata-se de mais uma passagem importante da B\u00edblia, pois do evento tira-se um momento em que Jesus chora: &#8220;O pranto de Maria provoca o choro de Jesus&#8221;. E o milagre de reviver L\u00e1zaro, j\u00e1 morto e sepultado, solicitado com tamanha simplicidade por Marta, que exemplifica a plena f\u00e9 na onipot\u00eancia do Senhor.<\/p>\n<p>Outra passagem \u00e9 a ceia de Bet\u00e2nia, com a presen\u00e7a de L\u00e1zaro ressuscitado, uma pr\u00e9via da \u00faltima ceia, pois ali Marta serve a mesa e Maria lava os p\u00e9s de Jesus, gesto que ele imitaria em seu \u00faltimo encontro coletivo com os doze ap\u00f3stolos.<\/p>\n<p>Os primeiros a dedicarem uma festa lit\u00fargica a santa Marta foram os frades franciscanos, em 1262, e o dia escolhido foi 29 de julho. Ela se difundiu e o povo crist\u00e3o passou a celebrar santa Marta como a Padroeira dos Anfitri\u00f5es, dos Hospedeiros, dos Cozinheiros, dos Nutricionistas e Dietistas.<\/p>\n<p style=\"text-align: justify;\">Santa Marta, rogai por n\u00f3s!<\/p>\n","protected":false},"excerpt":{"rendered":"<p>As Escrituras contam que, em seus poucos momentos de descanso ou lazer, Jesus procurava a casa de amigos em Bet\u00e2nia, local muito agrad\u00e1vel h\u00e1 apenas tr\u00eas quil\u00f4metros de Jerusal\u00e9m. L\u00e1 moravam Marta, L\u00e1zaro e Maria, tr\u00eas irm\u00e3os provavelmente filhos de Sim\u00e3o, o leproso. H\u00e1 poucas mas important\u00edssimas cita\u00e7\u00f5es de Marta nas Sagradas Escrituras. \u00c9 narrado, [&hellip;]<\/p>\n","protected":false},"author":1,"featured_media":22525,"comment_status":"closed","ping_status":"closed","sticky":false,"template":"","format":"standard","meta":{"footnotes":""},"categories":[32],"tags":[],"class_list":["post-4913","post","type-post","status-publish","format-standard","has-post-thumbnail","hentry","category-santo-do-dia"],"_links":{"self":[{"href":"https:\/\/catolicanet.net\/wp-cnet\/wp-json\/wp\/v2\/posts\/4913","targetHints":{"allow":["GET"]}}],"collection":[{"href":"https:\/\/catolicanet.net\/wp-cnet\/wp-json\/wp\/v2\/posts"}],"about":[{"href":"https:\/\/catolicanet.net\/wp-cnet\/wp-json\/wp\/v2\/types\/post"}],"author":[{"embeddable":true,"href":"https:\/\/catolicanet.net\/wp-cnet\/wp-json\/wp\/v2\/users\/1"}],"replies":[{"embeddable":true,"href":"https:\/\/catolicanet.net\/wp-cnet\/wp-json\/wp\/v2\/comments?post=4913"}],"version-history":[{"count":3,"href":"https:\/\/catolicanet.net\/wp-cnet\/wp-json\/wp\/v2\/posts\/4913\/revisions"}],"predecessor-version":[{"id":22526,"href":"https:\/\/catolicanet.net\/wp-cnet\/wp-json\/wp\/v2\/posts\/4913\/revisions\/22526"}],"wp:featuredmedia":[{"embeddable":true,"href":"https:\/\/catolicanet.net\/wp-cnet\/wp-json\/wp\/v2\/media\/22525"}],"wp:attachment":[{"href":"https:\/\/catolicanet.net\/wp-cnet\/wp-json\/wp\/v2\/media?parent=4913"}],"wp:term":[{"taxonomy":"category","embeddable":true,"href":"https:\/\/catolicanet.net\/wp-cnet\/wp-json\/wp\/v2\/categories?post=4913"},{"taxonomy":"post_tag","embeddable":true,"href":"https:\/\/catolicanet.net\/wp-cnet\/wp-json\/wp\/v2\/tags?post=4913"}],"curies":[{"name":"wp","href":"https:\/\/api.w.org\/{rel}","templated":true}]}}