{"id":49114,"date":"2019-05-10T16:34:22","date_gmt":"2019-05-10T19:34:22","guid":{"rendered":"http:\/\/catolicanet.net\/wp-cnet\/?p=49114"},"modified":"2019-05-10T16:36:59","modified_gmt":"2019-05-10T19:36:59","slug":"amazonia-abusos-diaconato-feminino-o-encontro-do-papa-com-as-superioras","status":"publish","type":"post","link":"https:\/\/catolicanet.net\/wp-cnet\/amazonia-abusos-diaconato-feminino-o-encontro-do-papa-com-as-superioras\/","title":{"rendered":"Amaz\u00f4nia, abusos, diaconato feminino: o encontro do Papa com as superioras"},"content":{"rendered":"<div class=\"article__subTitle\">Ao responder a uma pergunta de uma superiora brasileira, Francisco brincou: &#8220;Eu gostaria de perguntar quem foi melhor, Pel\u00e9 ou Maradona?<\/div>\n<div class=\"title__separator\"><\/div>\n<div class=\"article__text\">\n<p><b>Bianca Fraccalvieri \u2013 Cidade do Vaticano<\/b><\/p>\n<p>Um encontro repleto de alegria e exorta\u00e7\u00f5es: assim foi a audi\u00eancia que o Papa Francisco concedeu \u00e0s mais de 800 religiosas, que concluem esta sexta-feira (10\/05) em Roma a Assembleia da Uni\u00e3o Internacional das Superioras Gerais (UISG).<\/p>\n<p>Francisco entregou o discurso oficial e preferiu manter um di\u00e1logo com as superioras, falando de v\u00e1rios temas: abusos, servi\u00e7o, diaconato feminino e a teologia da mulher.<\/p>\n<div>\n<div class=\"article__embed article__embed--unwrap article__embed--dark\">\n<div class=\"article__innerTitle\">Ou\u00e7a a reportagem com a voz do Papa Francisco<\/div>\n<!--[if lt IE 9]><script>document.createElement('audio');<\/script><![endif]-->\n<audio class=\"wp-audio-shortcode\" id=\"audio-49114-1\" preload=\"none\" style=\"width: 100%;\" controls=\"controls\"><source type=\"audio\/mpeg\" src=\"https:\/\/media.vaticannews.va\/media\/audio\/s1\/2019\/05\/10\/13\/135016611_F135016611.mp3?_=1\" \/><a href=\"https:\/\/media.vaticannews.va\/media\/audio\/s1\/2019\/05\/10\/13\/135016611_F135016611.mp3\">https:\/\/media.vaticannews.va\/media\/audio\/s1\/2019\/05\/10\/13\/135016611_F135016611.mp3<\/a><\/audio>\n<\/div>\n<\/div>\n<h2>Enforcamento<\/h2>\n<p>Sobre os abusos, o Pont\u00edfice comentou o encontro de fevereiro e as expectativas depositadas. \u201cSe tiv\u00e9ssemos enforcado publicamente 100 padres na Pra\u00e7a S\u00e3o Pedro, estariam todos felizes, mas n\u00e3o ter\u00edamos resolvido o problema. Trata-se de um processo.\u201d<\/p>\n<h2>Servi\u00e7o sim, servid\u00e3o n\u00e3o<\/h2>\n<p>Quanto ao servi\u00e7o, Francisco afirmou que isso \u00e9 aceit\u00e1vel, mas a servid\u00e3o n\u00e3o \u00e9 tolerada. \u201cServi\u00e7o sim, servid\u00e3o n\u00e3o. Voc\u00ea n\u00e3o se torna religiosa para ser dom\u00e9stica de um cl\u00e9rigo. N\u00e3o!\u201d<\/p>\n<h2>Diaconato feminino<\/h2>\n<p>O diaconato feminino foi outro tema. O Papa recordou que instituiu uma comiss\u00e3o a pedido das pr\u00f3prias superioras, o trabalho avan\u00e7ou, mas com poucos resultados. \u201cN\u00e3o posso fazer um decreto sacramental sem um fundamento hist\u00f3rico e teol\u00f3gico. O resulto n\u00e3o \u00e9 dos melhores, mas foi feito um passo avante.\u201d<\/p>\n<p>Sobre o trabalho das mulheres na Igreja, o Pont\u00edfice afirmou que erra quem pensa que se trata somente de um trabalho funcional. \u201cA Igreja \u00e9 feminina, \u00e9 mulher. N\u00e3o \u00e9 uma imagem, \u00e9 a realidade, \u00e9 a esposa de Jesus, devemos ir avante com a teologia da mulher.\u201d<\/p>\n<\/div>\n<div class=\"article__text\">\n<h2>Amaz\u00f4nia<\/h2>\n<p>O Papa abriu espa\u00e7o ent\u00e3o para que as superioras fizessem perguntas. Uma delas foi a a da brasileira Ir. Marlise Hendges, das Irm\u00e3s do Imaculado Cora\u00e7\u00e3o de Maria, que falou a Francisco do per\u00edodo cr\u00edtico que muitos pa\u00edses latino-americanos est\u00e3o vivendo e o egajamento das religiosas, principalmente contra o tr\u00e1fico de seres humanos na Rede &#8220;Um Grito pela Vida&#8221;. A superiora comentou tamb\u00e9m a expectativa para a realiza\u00e7\u00e3o do S\u00ednodo para a Amaz\u00f4nia.<\/p>\n<p>Ao tomar a palavra, Francisco brincou: &#8220;Eu gostaria de perguntar quem foi melhor, Pel\u00e9 ou Maradona? Depois, retomou o tom s\u00e9rio para ressaltar a import\u00e2ncia da mulher na Amaz\u00f4nia, devido \u00e0 sensibilidade que tem com os povos ind\u00edgenas. Para o Papa, a mulher compreende melhor o problema tribal, justamente porque se trata de uma quest\u00e3o vital, e saber\u00e1 encontrar caminhos para uma nova incultura\u00e7\u00e3o.<\/p>\n<h2>Participa\u00e7\u00e3o brasileira<\/h2>\n<p>Uma das participantes da audi\u00eancia com o Papa Francisco foi a brasileira Ir. Neusa de F\u00e1tima Mariano, superiora da Congrega\u00e7\u00e3o das Mission\u00e1rias de S\u00e3o Carlos Borromeu, as scalabrinianas, que destaca a emo\u00e7\u00e3o e, sobretudo, a &#8220;promessa&#8221; feita pelo Pont\u00edfice de participar da pr\u00f3xima plen\u00e1ria:<\/p>\n<div>\n<div class=\"article__embed article__embed--unwrap article__embed--dark\">\n<div class=\"article__innerTitle\">Ou\u00e7a Ir. Neusa<\/div>\n<audio class=\"wp-audio-shortcode\" id=\"audio-49114-2\" preload=\"none\" style=\"width: 100%;\" controls=\"controls\"><source type=\"audio\/mpeg\" src=\"https:\/\/media.vaticannews.va\/media\/audio\/s1\/2019\/05\/10\/13\/135016783_F135016783.mp3?_=2\" \/><a href=\"https:\/\/media.vaticannews.va\/media\/audio\/s1\/2019\/05\/10\/13\/135016783_F135016783.mp3\">https:\/\/media.vaticannews.va\/media\/audio\/s1\/2019\/05\/10\/13\/135016783_F135016783.mp3<\/a><\/audio>\n<\/div>\n<\/div>\n<\/div>\n<div class=\"article__meta article__meta--noicon\"><\/div>\n","protected":false},"excerpt":{"rendered":"<p>Ao responder a uma pergunta de uma superiora brasileira, Francisco brincou: &#8220;Eu gostaria de perguntar quem foi melhor, Pel\u00e9 ou Maradona? Bianca Fraccalvieri \u2013 Cidade do Vaticano Um encontro repleto de alegria e exorta\u00e7\u00f5es: assim foi a audi\u00eancia que o Papa Francisco concedeu \u00e0s mais de 800 religiosas, que concluem esta sexta-feira (10\/05) em Roma [&hellip;]<\/p>\n","protected":false},"author":1,"featured_media":49116,"comment_status":"open","ping_status":"closed","sticky":false,"template":"","format":"standard","meta":{"footnotes":""},"categories":[3],"tags":[],"class_list":["post-49114","post","type-post","status-publish","format-standard","has-post-thumbnail","hentry","category-vaticano"],"_links":{"self":[{"href":"https:\/\/catolicanet.net\/wp-cnet\/wp-json\/wp\/v2\/posts\/49114","targetHints":{"allow":["GET"]}}],"collection":[{"href":"https:\/\/catolicanet.net\/wp-cnet\/wp-json\/wp\/v2\/posts"}],"about":[{"href":"https:\/\/catolicanet.net\/wp-cnet\/wp-json\/wp\/v2\/types\/post"}],"author":[{"embeddable":true,"href":"https:\/\/catolicanet.net\/wp-cnet\/wp-json\/wp\/v2\/users\/1"}],"replies":[{"embeddable":true,"href":"https:\/\/catolicanet.net\/wp-cnet\/wp-json\/wp\/v2\/comments?post=49114"}],"version-history":[{"count":1,"href":"https:\/\/catolicanet.net\/wp-cnet\/wp-json\/wp\/v2\/posts\/49114\/revisions"}],"predecessor-version":[{"id":49115,"href":"https:\/\/catolicanet.net\/wp-cnet\/wp-json\/wp\/v2\/posts\/49114\/revisions\/49115"}],"wp:featuredmedia":[{"embeddable":true,"href":"https:\/\/catolicanet.net\/wp-cnet\/wp-json\/wp\/v2\/media\/49116"}],"wp:attachment":[{"href":"https:\/\/catolicanet.net\/wp-cnet\/wp-json\/wp\/v2\/media?parent=49114"}],"wp:term":[{"taxonomy":"category","embeddable":true,"href":"https:\/\/catolicanet.net\/wp-cnet\/wp-json\/wp\/v2\/categories?post=49114"},{"taxonomy":"post_tag","embeddable":true,"href":"https:\/\/catolicanet.net\/wp-cnet\/wp-json\/wp\/v2\/tags?post=49114"}],"curies":[{"name":"wp","href":"https:\/\/api.w.org\/{rel}","templated":true}]}}