{"id":49108,"date":"2019-05-10T14:54:39","date_gmt":"2019-05-10T17:54:39","guid":{"rendered":"http:\/\/catolicanet.net\/wp-cnet\/?p=49108"},"modified":"2019-05-10T14:54:39","modified_gmt":"2019-05-10T17:54:39","slug":"cnbb-qual-a-nossa-missao","status":"publish","type":"post","link":"https:\/\/catolicanet.net\/wp-cnet\/cnbb-qual-a-nossa-missao\/","title":{"rendered":"CNBB: qual a nossa miss\u00e3o?"},"content":{"rendered":"<p>A Confer\u00eancia Nacional dos Bispos do Brasil \u2013CNBB &#8211; \u00e9 a institui\u00e7\u00e3o permanente que congrega os Bispos da Igreja Cat\u00f3lica no Brasil. Ela une os bispos para que cada um consiga realizar melhor a sua miss\u00e3o na diocese que lhe \u00e9 confiada. \u00c9 um espa\u00e7o prop\u00edcio para o estudo, reflex\u00e3o, debate, ora\u00e7\u00e3o e discernimento de caminhos para a Igreja realizar a miss\u00e3o de levar o Evangelho de Jesus Cristo. A CNBB fomenta a uni\u00e3o entre os bispos brasileiros, com os bispos do mundo inteiro e o Papa Francisco. Ajuda cada bispo a concretizar em sua diocese as grandes orienta\u00e7\u00f5es doutrinais, pastorais e legais da Igreja. \u00c9 uma inst\u00e2ncia prop\u00edcia de forma\u00e7\u00e3o e assessoramento de cada bispo.<\/p>\n<p>A estrutura existente para alcan\u00e7ar a finalidade da CNBB \u00e9 a seguinte. Em primeiro lugar est\u00e1 a Assembleia Geral realizada ordinariamente uma vez por ano, quedura 10 dias, da qual participam todos os bispos. Para os bispos \u00e9 um tempo prop\u00edcio de encontro, de conviv\u00eancia fraterna, de rever amigos, de ora\u00e7\u00e3o, de partilha das alegrias e desafios da miss\u00e3o episcopal, de defini\u00e7\u00e3o de diretrizes, de elabora\u00e7\u00e3o de documentos, de elei\u00e7\u00f5es. Entre as Assembleias Gerais re\u00fane-se o Conselho Permanente que \u00e9 composto por membros eleitos pelos 18 regionais da CNBB. E para dirigi-la \u00e9 eleita uma presid\u00eancia composta por um presidente, dois vice-presidentes e um secret\u00e1rio geral. Somam-se \u00e0 presid\u00eancia os doze presidentes das Comiss\u00f5es Episcopais Pastorais. Todas estas fun\u00e7\u00f5es exigem dois ter\u00e7os de votos dos votantes para expressar que tem um grande apoio para a realiza\u00e7\u00e3o do servi\u00e7o confiado. Nenhuma das presid\u00eancias \u00e9 remunerada, mas \u00e9 mais um servi\u00e7o que se soma aos que cada um j\u00e1 tem.<\/p>\n<p>As comiss\u00f5es permanentes s\u00e3o as seguintes: Comiss\u00e3o pastoral episcopal para os minist\u00e9rios ordenados e a vida consagrada; Comiss\u00e3o episcopal pastoral para a a\u00e7\u00e3o para o laicato; Comiss\u00e3o episcopal pastoral para a a\u00e7\u00e3o mission\u00e1ria e coopera\u00e7\u00e3o intereclesial; comiss\u00e3o episcopal pastoral para a anima\u00e7\u00e3o b\u00edblico-catequ\u00e9tica; comiss\u00e3o episcopal pastoral para a doutrina da f\u00e9; Comiss\u00e3o episcopal pastoral para a liturgia; Comiss\u00e3o episcopal para o ecumenismo e o di\u00e1logo inter-religioso; Comiss\u00e3o episcopal para a a\u00e7\u00e3o s\u00f3cio-transformadora; Comiss\u00e3o episcopal pastoral para a cultura e a educa\u00e7\u00e3o; Comiss\u00e3o episcopal pastoral para a vida e a fam\u00edlia; Comiss\u00e3o episcopal pastoral para a juventude e Comiss\u00e3o episcopal pastoral para a comunica\u00e7\u00e3o. Cada comiss\u00e3o tem a sua tarefa pr\u00f3pria, por\u00e9m o objetivo principal \u00e9 subsidiar os bispos e facilitar a converg\u00eancia da a\u00e7\u00e3o evangelizadora oferecendo indica\u00e7\u00f5es para planos pastorais em n\u00edvel nacional, regional e diocesano.<\/p>\n<p>A 57\u00aa Assembleia Geral deste ano teve como tema central a aprova\u00e7\u00e3o das Diretrizes Gerais da A\u00e7\u00e3o Evangelizadora \u2013 DGAE &#8211; para o per\u00edodo de 2019-2023. Elas ser\u00e3o converg\u00eancia da a\u00e7\u00e3o da CNBB e s\u00e3o dire\u00e7\u00f5es para os 18 regionais da CNBB e para as dioceses elaborarem seus planos pastorais. A palavra central das DGAE \u00e9 evangelizar. Jesus Cristo, depois de cumprir a sua miss\u00e3o, confiou aos disc\u00edpulos a tarefa de levarem pelo mundo afora o que ele tinha ensinado e vivido. Esta est\u00e1 \u00e9 a miss\u00e3o principal da Igreja. Cremos que para a gera\u00e7\u00e3o presente Jesus Cristo deve ser anunciado e depois cada pessoa decida sobre o que ouviu: crer ou n\u00e3o crer, aderir ou n\u00e3o. A liberdade religiosa \u00e9 um direito fundamental.<\/p>\n<p>A miss\u00e3o evangelizadora \u00e9 realizada num contexto hist\u00f3rico concreto. Cada \u00e9poca tem as suas alegrias e suas tristezas, suas esperan\u00e7as e ang\u00fastias, seus progressos e seus recuos. Jesus Cristo deixou bem claro que n\u00e3o queria que seus seguidores formassem guetos na sociedade, grupos fechados e indiferentes com os acontecimentos pr\u00f3ximos e distantes. N\u00e3o queria que fossem do mundo, isto \u00e9, reproduzissem o que \u00e9 mau, que gerasse morte, mas fossem sal da terra e luz do mundo gerando vida em abund\u00e2ncia. Na Assembleia Geral foi emitida uma mensagem que reflete o momento hist\u00f3rico e convida os crist\u00e3os cat\u00f3licos e os brasileiros a alimentarem a esperan\u00e7a e serem cidad\u00e3os ativos.<\/p>\n<p>&nbsp;<\/p>\n","protected":false},"excerpt":{"rendered":"<p>A Confer\u00eancia Nacional dos Bispos do Brasil \u2013CNBB &#8211; \u00e9 a institui\u00e7\u00e3o permanente que congrega os Bispos da Igreja Cat\u00f3lica no Brasil. Ela une os bispos para que cada um consiga realizar melhor a sua miss\u00e3o na diocese que lhe \u00e9 confiada. \u00c9 um espa\u00e7o prop\u00edcio para o estudo, reflex\u00e3o, debate, ora\u00e7\u00e3o e discernimento de [&hellip;]<\/p>\n","protected":false},"author":18,"featured_media":32780,"comment_status":"open","ping_status":"closed","sticky":false,"template":"","format":"standard","meta":{"footnotes":""},"categories":[9],"tags":[],"class_list":["post-49108","post","type-post","status-publish","format-standard","has-post-thumbnail","hentry","category-artigos"],"_links":{"self":[{"href":"https:\/\/catolicanet.net\/wp-cnet\/wp-json\/wp\/v2\/posts\/49108","targetHints":{"allow":["GET"]}}],"collection":[{"href":"https:\/\/catolicanet.net\/wp-cnet\/wp-json\/wp\/v2\/posts"}],"about":[{"href":"https:\/\/catolicanet.net\/wp-cnet\/wp-json\/wp\/v2\/types\/post"}],"author":[{"embeddable":true,"href":"https:\/\/catolicanet.net\/wp-cnet\/wp-json\/wp\/v2\/users\/18"}],"replies":[{"embeddable":true,"href":"https:\/\/catolicanet.net\/wp-cnet\/wp-json\/wp\/v2\/comments?post=49108"}],"version-history":[{"count":1,"href":"https:\/\/catolicanet.net\/wp-cnet\/wp-json\/wp\/v2\/posts\/49108\/revisions"}],"predecessor-version":[{"id":49109,"href":"https:\/\/catolicanet.net\/wp-cnet\/wp-json\/wp\/v2\/posts\/49108\/revisions\/49109"}],"wp:featuredmedia":[{"embeddable":true,"href":"https:\/\/catolicanet.net\/wp-cnet\/wp-json\/wp\/v2\/media\/32780"}],"wp:attachment":[{"href":"https:\/\/catolicanet.net\/wp-cnet\/wp-json\/wp\/v2\/media?parent=49108"}],"wp:term":[{"taxonomy":"category","embeddable":true,"href":"https:\/\/catolicanet.net\/wp-cnet\/wp-json\/wp\/v2\/categories?post=49108"},{"taxonomy":"post_tag","embeddable":true,"href":"https:\/\/catolicanet.net\/wp-cnet\/wp-json\/wp\/v2\/tags?post=49108"}],"curies":[{"name":"wp","href":"https:\/\/api.w.org\/{rel}","templated":true}]}}