{"id":49104,"date":"2019-05-10T14:47:34","date_gmt":"2019-05-10T17:47:34","guid":{"rendered":"http:\/\/catolicanet.net\/wp-cnet\/?p=49104"},"modified":"2019-05-10T14:47:34","modified_gmt":"2019-05-10T17:47:34","slug":"tiroteio-no-mexico-deixa-dois-mortos-bispo-exige-o-fim-da-violencia","status":"publish","type":"post","link":"https:\/\/catolicanet.net\/wp-cnet\/tiroteio-no-mexico-deixa-dois-mortos-bispo-exige-o-fim-da-violencia\/","title":{"rendered":"Tiroteio no M\u00e9xico deixa dois mortos: Bispo exige o fim da viol\u00eancia"},"content":{"rendered":"<p>O Bispo de Cuernavaca (M\u00e9xico), Dom Ramon Castro Castro, exigiu que se ponha fim \u00e0 viol\u00eancia no pa\u00eds depois que um desconhecido assassinou a tiros duas pessoas na quarta-feira, 8 de maio, na Pra\u00e7a de Armas de Cuernavaca, no estado de Morelos.<\/p>\n<p>&#8220;Hoje, mais do que nunca, recordo o que os bispos mexicanos dissemos em novembro de 2014: Basta! N\u00e3o queremos mais sangue, mortes, desaparecidos. Compartilhamos, como mexicanos, a dor e o sofrimento das fam\u00edlias! M\u00e9xico, Morelos: causam-nos dor! \u00c9 hora de passar das palavras para as a\u00e7\u00f5es!&#8221;, expressou Dom Castro em sua conta no Twitter.<\/p>\n<p>Na manh\u00e3 de ontem foram assassinados o empres\u00e1rio Jesus Garc\u00eda Rodr\u00edguez e Roberto Raciel Castrej\u00f3n Calder\u00f3n, que era secret\u00e1rio de Atas e Acordos da Confedera\u00e7\u00e3o de Trabalhadores do M\u00e9xico (CTM) em Morelos.<\/p>\n<p>Jos\u00e9 Antonio Ortiz Guarneros, Comiss\u00e1rio de Seguran\u00e7a P\u00fablica de Morelos, informou que uma pessoa j\u00e1 foi presa e que outro suspeito est\u00e1 sendo investigado.<\/p>\n<p>O assassinato foi divulgado por v\u00e1rios meios locais que estavam no lugar, pois no momento do crime o titular da Secretaria de Desenvolvimento Social Estatal, Gilberto Alcal\u00e1, concedia uma coletiva de imprensa.<\/p>\n","protected":false},"excerpt":{"rendered":"<p>O Bispo de Cuernavaca (M\u00e9xico), Dom Ramon Castro Castro, exigiu que se ponha fim \u00e0 viol\u00eancia no pa\u00eds depois que um desconhecido assassinou a tiros duas pessoas na quarta-feira, 8 de maio, na Pra\u00e7a de Armas de Cuernavaca, no estado de Morelos. &#8220;Hoje, mais do que nunca, recordo o que os bispos mexicanos dissemos em [&hellip;]<\/p>\n","protected":false},"author":1,"featured_media":49106,"comment_status":"open","ping_status":"closed","sticky":false,"template":"","format":"standard","meta":{"footnotes":""},"categories":[4],"tags":[],"class_list":["post-49104","post","type-post","status-publish","format-standard","has-post-thumbnail","hentry","category-cotidiano"],"_links":{"self":[{"href":"https:\/\/catolicanet.net\/wp-cnet\/wp-json\/wp\/v2\/posts\/49104","targetHints":{"allow":["GET"]}}],"collection":[{"href":"https:\/\/catolicanet.net\/wp-cnet\/wp-json\/wp\/v2\/posts"}],"about":[{"href":"https:\/\/catolicanet.net\/wp-cnet\/wp-json\/wp\/v2\/types\/post"}],"author":[{"embeddable":true,"href":"https:\/\/catolicanet.net\/wp-cnet\/wp-json\/wp\/v2\/users\/1"}],"replies":[{"embeddable":true,"href":"https:\/\/catolicanet.net\/wp-cnet\/wp-json\/wp\/v2\/comments?post=49104"}],"version-history":[{"count":1,"href":"https:\/\/catolicanet.net\/wp-cnet\/wp-json\/wp\/v2\/posts\/49104\/revisions"}],"predecessor-version":[{"id":49107,"href":"https:\/\/catolicanet.net\/wp-cnet\/wp-json\/wp\/v2\/posts\/49104\/revisions\/49107"}],"wp:featuredmedia":[{"embeddable":true,"href":"https:\/\/catolicanet.net\/wp-cnet\/wp-json\/wp\/v2\/media\/49106"}],"wp:attachment":[{"href":"https:\/\/catolicanet.net\/wp-cnet\/wp-json\/wp\/v2\/media?parent=49104"}],"wp:term":[{"taxonomy":"category","embeddable":true,"href":"https:\/\/catolicanet.net\/wp-cnet\/wp-json\/wp\/v2\/categories?post=49104"},{"taxonomy":"post_tag","embeddable":true,"href":"https:\/\/catolicanet.net\/wp-cnet\/wp-json\/wp\/v2\/tags?post=49104"}],"curies":[{"name":"wp","href":"https:\/\/api.w.org\/{rel}","templated":true}]}}