{"id":49101,"date":"2019-05-10T14:43:20","date_gmt":"2019-05-10T17:43:20","guid":{"rendered":"http:\/\/catolicanet.net\/wp-cnet\/?p=49101"},"modified":"2019-05-10T14:43:20","modified_gmt":"2019-05-10T17:43:20","slug":"aprovam-lei-que-proibe-aborto-quando-se-detecta-batidas-do-coracao-do-feto-nos-eua","status":"publish","type":"post","link":"https:\/\/catolicanet.net\/wp-cnet\/aprovam-lei-que-proibe-aborto-quando-se-detecta-batidas-do-coracao-do-feto-nos-eua\/","title":{"rendered":"Aprovam lei que pro\u00edbe aborto quando se detecta batidas do cora\u00e7\u00e3o do feto, nos EUA"},"content":{"rendered":"<p>O governador da Ge\u00f3rgia (Estados Unidos), Brian Kemp, promulgou a lei que pro\u00edbe o aborto ap\u00f3s a detec\u00e7\u00e3o do batimento card\u00edaco fetal.<\/p>\n<p>Kemp assinou a lei em 7 de maio, mas entrar\u00e1 em vigor somente em 1\u00ba de janeiro. No entanto, espera-se que os promotores do aborto recorram a alguma medida legal para tentar impedi-la.<\/p>\n<p>A Lei de &#8220;Justi\u00e7a e Igualdade para Crian\u00e7as Vivas&#8221; LIFE (Vida, na sua sigla em ingl\u00eas) permite o aborto apenas at\u00e9 a 6\u00aa semana de gesta\u00e7\u00e3o. Atualmente, o aborto \u00e9 legal na Ge\u00f3rgia at\u00e9 a 20\u00aa semana.<\/p>\n<p>&#8220;N\u00f3s nos levantamos e falamos por aqueles que n\u00e3o podem falar por si mesmos. A Lei da Vida \u00e9 muito simples e tamb\u00e9m muito poderosa&#8221;, disse Kemp antes de promulgar a lei.<\/p>\n<div class=\"ad_inline\">\n<div id=\"div-gpt-ad-1472661422739-0\" data-google-query-id=\"CInHy_vAkeICFSjI4wcdCrUNSQ\">\n<div id=\"google_ads_iframe_\/4493921\/ACI_D_Article_1_0__container__\"><\/div>\n<\/div>\n<\/div>\n<p>A norma, acrescentou, &#8220;\u00e9 uma afirma\u00e7\u00e3o de que toda a vida tem um valor, que toda a vida importa, que toda a vida merece ser protegida&#8221;.<\/p>\n<p>Francis J. Mulcahy, diretor executivo da Confer\u00eancia Cat\u00f3lica da Ge\u00f3rgia, disse \u00e0 CNA \u2013 ag\u00eancia em ingl\u00eas do Grupo ACI \u2013 que os bispos do estado apoiam a norma j\u00e1 promulgada. Esta lei, disseram, &#8220;trar\u00e1 prote\u00e7\u00e3o \u00e0 vida humana por nascer&#8221;.<\/p>\n<p>Entre os opositores da nova lei est\u00e3o o grupo American Civil Liberties Union, que lutar\u00e1 legalmente contra a lei LIFE.<\/p>\n<p>O governador Kemp afirmou que \u00e9 consciente da batalha legal que est\u00e1 por vir e que muitos deles n\u00e3o estavam de acordo com a lei pr\u00f3-vida. &#8220;Eu percebo que alguns podem lutar legalmente contra a lei, mas nosso trabalho \u00e9 fazer o correto, n\u00e3o o que \u00e9 f\u00e1cil&#8221;, destacou.<\/p>\n<p>Embora a lei seja apenas em n\u00edvel estadual, atraiu a aten\u00e7\u00e3o nacional devido \u00e0 oposi\u00e7\u00e3o p\u00fablica da atriz Alyssa Milano, que ficou famosa na s\u00e9rie &#8220;Who\u2019s the boss?&#8221;. Ela amea\u00e7ou organizar um boicote com a ind\u00fastria cinematogr\u00e1fica e televisiva caso a lei fosse promulgada, como acabou de acontecer.<\/p>\n<p>&#8220;Caso o projeto H.B. 481 se converta em lei, n\u00f3s n\u00e3o podemos, em boa consci\u00eancia, continuar recomendando \u00e0 ind\u00fastria que fique na Ge\u00f3rgia&#8221;, disse Milano.<\/p>\n<p>At\u00e9 agora, o boicote ainda n\u00e3o se concretizou e muitos programas de televis\u00e3o e filmes continuam sendo filmados na Ge\u00f3rgia, cuja capital \u00e9 Atlanta, e est\u00e3o programados para serem filmados neste estado nos pr\u00f3ximos meses.<\/p>\n","protected":false},"excerpt":{"rendered":"<p>O governador da Ge\u00f3rgia (Estados Unidos), Brian Kemp, promulgou a lei que pro\u00edbe o aborto ap\u00f3s a detec\u00e7\u00e3o do batimento card\u00edaco fetal. Kemp assinou a lei em 7 de maio, mas entrar\u00e1 em vigor somente em 1\u00ba de janeiro. No entanto, espera-se que os promotores do aborto recorram a alguma medida legal para tentar impedi-la. [&hellip;]<\/p>\n","protected":false},"author":1,"featured_media":49102,"comment_status":"open","ping_status":"closed","sticky":false,"template":"","format":"standard","meta":{"footnotes":""},"categories":[4],"tags":[],"class_list":["post-49101","post","type-post","status-publish","format-standard","has-post-thumbnail","hentry","category-cotidiano"],"_links":{"self":[{"href":"https:\/\/catolicanet.net\/wp-cnet\/wp-json\/wp\/v2\/posts\/49101","targetHints":{"allow":["GET"]}}],"collection":[{"href":"https:\/\/catolicanet.net\/wp-cnet\/wp-json\/wp\/v2\/posts"}],"about":[{"href":"https:\/\/catolicanet.net\/wp-cnet\/wp-json\/wp\/v2\/types\/post"}],"author":[{"embeddable":true,"href":"https:\/\/catolicanet.net\/wp-cnet\/wp-json\/wp\/v2\/users\/1"}],"replies":[{"embeddable":true,"href":"https:\/\/catolicanet.net\/wp-cnet\/wp-json\/wp\/v2\/comments?post=49101"}],"version-history":[{"count":1,"href":"https:\/\/catolicanet.net\/wp-cnet\/wp-json\/wp\/v2\/posts\/49101\/revisions"}],"predecessor-version":[{"id":49103,"href":"https:\/\/catolicanet.net\/wp-cnet\/wp-json\/wp\/v2\/posts\/49101\/revisions\/49103"}],"wp:featuredmedia":[{"embeddable":true,"href":"https:\/\/catolicanet.net\/wp-cnet\/wp-json\/wp\/v2\/media\/49102"}],"wp:attachment":[{"href":"https:\/\/catolicanet.net\/wp-cnet\/wp-json\/wp\/v2\/media?parent=49101"}],"wp:term":[{"taxonomy":"category","embeddable":true,"href":"https:\/\/catolicanet.net\/wp-cnet\/wp-json\/wp\/v2\/categories?post=49101"},{"taxonomy":"post_tag","embeddable":true,"href":"https:\/\/catolicanet.net\/wp-cnet\/wp-json\/wp\/v2\/tags?post=49101"}],"curies":[{"name":"wp","href":"https:\/\/api.w.org\/{rel}","templated":true}]}}