{"id":48997,"date":"2019-05-08T15:45:07","date_gmt":"2019-05-08T18:45:07","guid":{"rendered":"http:\/\/catolicanet.net\/wp-cnet\/?p=48997"},"modified":"2019-05-08T15:45:07","modified_gmt":"2019-05-08T18:45:07","slug":"papa-responde-como-ficou-comissao-que-estudou-ordenacao-de-dianonisas","status":"publish","type":"post","link":"https:\/\/catolicanet.net\/wp-cnet\/papa-responde-como-ficou-comissao-que-estudou-ordenacao-de-dianonisas\/","title":{"rendered":"Papa responde como ficou comiss\u00e3o que estudou ordena\u00e7\u00e3o de dianonisas"},"content":{"rendered":"<p>Na coletiva de imprensa que deu a bordo do avi\u00e3o no qual regressou da Maced\u00f4nia do Norte para Roma, o Papa Francisco explicou que, depois do estudo da comiss\u00e3o sobre a possibilidade de ordenar diaconisas na igreja e com o que se avan\u00e7ou nesse grupo de trabalho, \u201cat\u00e9 este momento n\u00e3o vai\u201d.<\/p>\n<p>\u201cN\u00e3o h\u00e1 certeza de que a delas fosse uma ordena\u00e7\u00e3o com a mesma forma e com a mesma finalidade que a ordena\u00e7\u00e3o masculina. Alguns dizem: existe a d\u00favida. Vamos continuar estudando. Mas at\u00e9 este momento n\u00e3o vai\u201d, disse o Santo Padre, respondendo a uma pergunta sobre a comiss\u00e3o que criou em 2016 para analisar o papel das diaconisas na Igreja Cat\u00f3lica.<\/p>\n<p>O Santo Padre recordou que, ap\u00f3s uma consulta recebida por parte da Uni\u00e3o Internacional de Superioras Gerais (UISG) em 2016, ordenou a cria\u00e7\u00e3o de uma comiss\u00e3o de estudo que \u201ctrabalhou por quase dois anos. Eram todos diferentes, todos pensavam diferente, mas trabalharam juntos e se colocaram de acordo at\u00e9 um certo ponto\u201d.<\/p>\n<p>Entretanto, indicou, \u201ccada um deles, depois, tem a pr\u00f3pria vis\u00e3o, que n\u00e3o concorda com a dos outros e ali pararam como Comiss\u00e3o\u201d.<\/p>\n<p>Al\u00e9m disso, o Papa Francisco disse que, \u201csobre o diaconato feminino: h\u00e1 uma maneira de conceb\u00ea-lo n\u00e3o com a mesma vis\u00e3o do diaconato masculino. Por exemplo, as f\u00f3rmulas de ordena\u00e7\u00e3o diaconal encontradas at\u00e9 agora n\u00e3o s\u00e3o as mesmas para a ordena\u00e7\u00e3o do di\u00e1cono masculino, e se assemelham ao que seria hoje a b\u00ean\u00e7\u00e3o abacial de uma abadessa\u201d.<\/p>\n<p>Isso, explicou o Santo Padre, \u201c\u00e9 o resultado. Outros dizem que \u2018n\u00e3o, esta \u00e9 uma f\u00f3rmula diaconal\u2019&#8230; Havia diaconisas no come\u00e7o. Mas a delas era uma ordena\u00e7\u00e3o sacramental ou n\u00e3o? Isso se discuto e n\u00e3o se v\u00ea claramente\u201d.<\/p>\n<p>Francisco recordou que, no passado, as diaconisas ajudavam em alguns sacramentos como o batismo de mulheres e \u201ceram chamadas pelo bispo quando havia uma disputa matrimonial pela dissolu\u00e7\u00e3o do matrim\u00f4nio. As diaconisas eram enviadas para observar as contus\u00f5es do corpo da mulher espancada pelo marido\u201d.<\/p>\n<p>O Papa tamb\u00e9m referiu que \u201calguns te\u00f3logos, h\u00e1 30 anos, diziam que n\u00e3o havia diaconisas porque as mulheres estavam em segundo plano na Igreja, e n\u00e3o somente na Igreja. Mas \u00e9 curioso: naquela \u00e9poca havia tantas sacerdotisas pag\u00e3s\u201d.<\/p>\n<p>Disse que \u201co sacerd\u00f3cio feminino nos cultos pag\u00e3os estava na ordem do dia. Estamos neste ponto e cada um dos membros est\u00e1 estudando sua tese\u201d, concluiu.<\/p>\n<p><strong>A comiss\u00e3o para o estudo das diaconisas na Igreja<\/strong><\/p>\n<p>Em 2 de agosto de 2016, cumprindo sua promessa de 12 de maio daquele mesmo ano de analisar o papel das diaconisas nos primeiros anos da Igreja, a Santa S\u00e9 informou que o Papa decidiu criar uma comiss\u00e3o de estudo \u201csobre o diaconato das mulheres\u201d, presidida pelo ent\u00e3o secret\u00e1rio da Congrega\u00e7\u00e3o para a Doutrina da F\u00e9, Dom Luis Francisco Ladaria Ferrer.<\/p>\n<p>Em 12 de maio de 2016, durante o encontro com as participantes da Assembleia Plen\u00e1ria das Superioras Gerais (UISG), foi perguntado ao Pont\u00edfice o que impedia a Igreja de \u201cincluir mulheres entre os di\u00e1conos permanentes, como ocorria na Igreja primitiva\u201d e por que \u201cn\u00e3o criar uma comiss\u00e3o oficial que pudesse estudar o tema\u201d.<\/p>\n<p>Na comiss\u00e3o, al\u00e9m de Dom Ladaria, participaram diferentes especialistas, entre os quais v\u00e1rias mulheres como Ir. Nuria Calduch-Benages, membro da Pontif\u00edcia Comiss\u00e3o B\u00edblica; Francesca Cocchini, docente da Universidade \u201cLa Sapienza\u201d e do Instituto Patr\u00edstico \u201cAugustinianum\u201d de Roma; Ir. Mary Melone, reitora magn\u00edfica da Pontif\u00edcia Universidade \u201cAntonianum\u201d de Roma; Marianne Schlosser, docente de Teologia espiritual na Universidade de Viena e membro da Comiss\u00e3o Teol\u00f3gica Internacional; Michelina Tenace, docente de Teologia fundamental na Pontif\u00edcia Universidade Gregoriana de Roma; e Phyllis Zagano, docente na \u201cHofstra University\u201d em Hempstead, Nova York (Estados Unidos).<\/p>\n","protected":false},"excerpt":{"rendered":"<p>Na coletiva de imprensa que deu a bordo do avi\u00e3o no qual regressou da Maced\u00f4nia do Norte para Roma, o Papa Francisco explicou que, depois do estudo da comiss\u00e3o sobre a possibilidade de ordenar diaconisas na igreja e com o que se avan\u00e7ou nesse grupo de trabalho, \u201cat\u00e9 este momento n\u00e3o vai\u201d. \u201cN\u00e3o h\u00e1 certeza [&hellip;]<\/p>\n","protected":false},"author":1,"featured_media":48998,"comment_status":"open","ping_status":"closed","sticky":false,"template":"","format":"standard","meta":{"footnotes":""},"categories":[4],"tags":[],"class_list":["post-48997","post","type-post","status-publish","format-standard","has-post-thumbnail","hentry","category-cotidiano"],"_links":{"self":[{"href":"https:\/\/catolicanet.net\/wp-cnet\/wp-json\/wp\/v2\/posts\/48997","targetHints":{"allow":["GET"]}}],"collection":[{"href":"https:\/\/catolicanet.net\/wp-cnet\/wp-json\/wp\/v2\/posts"}],"about":[{"href":"https:\/\/catolicanet.net\/wp-cnet\/wp-json\/wp\/v2\/types\/post"}],"author":[{"embeddable":true,"href":"https:\/\/catolicanet.net\/wp-cnet\/wp-json\/wp\/v2\/users\/1"}],"replies":[{"embeddable":true,"href":"https:\/\/catolicanet.net\/wp-cnet\/wp-json\/wp\/v2\/comments?post=48997"}],"version-history":[{"count":1,"href":"https:\/\/catolicanet.net\/wp-cnet\/wp-json\/wp\/v2\/posts\/48997\/revisions"}],"predecessor-version":[{"id":48999,"href":"https:\/\/catolicanet.net\/wp-cnet\/wp-json\/wp\/v2\/posts\/48997\/revisions\/48999"}],"wp:featuredmedia":[{"embeddable":true,"href":"https:\/\/catolicanet.net\/wp-cnet\/wp-json\/wp\/v2\/media\/48998"}],"wp:attachment":[{"href":"https:\/\/catolicanet.net\/wp-cnet\/wp-json\/wp\/v2\/media?parent=48997"}],"wp:term":[{"taxonomy":"category","embeddable":true,"href":"https:\/\/catolicanet.net\/wp-cnet\/wp-json\/wp\/v2\/categories?post=48997"},{"taxonomy":"post_tag","embeddable":true,"href":"https:\/\/catolicanet.net\/wp-cnet\/wp-json\/wp\/v2\/tags?post=48997"}],"curies":[{"name":"wp","href":"https:\/\/api.w.org\/{rel}","templated":true}]}}