{"id":48946,"date":"2019-05-07T16:00:04","date_gmt":"2019-05-07T19:00:04","guid":{"rendered":"http:\/\/catolicanet.net\/wp-cnet\/?p=48946"},"modified":"2019-05-07T16:00:04","modified_gmt":"2019-05-07T19:00:04","slug":"papa-aos-sacerdotes-nao-tenham-medo-de-gastar-a-vida-por-amor","status":"publish","type":"post","link":"https:\/\/catolicanet.net\/wp-cnet\/papa-aos-sacerdotes-nao-tenham-medo-de-gastar-a-vida-por-amor\/","title":{"rendered":"Papa aos sacerdotes: n\u00e3o tenham medo de gastar a vida por amor"},"content":{"rendered":"<div class=\"article__subTitle\">A Catedral do Sagrado Cora\u00e7\u00e3o de Jesus em Skopje foi o local de encontro de Francisco com os sacerdotes de rito latino e bizantino e com religiosos. Em discurso, o Papa falou dos desafios de se \u201cfazer as contas\u201d com a vida e atrav\u00e9s da solidariedade, mesmo em meio \u00e0 precariedade humana e de recursos, seguindo o exemplo de Madre Teresa de Calcut\u00e1: \u201ca hist\u00f3ria \u00e9 escrita por essas pessoas que n\u00e3o t\u00eam medo de gastar a sua vida por amor\u201d.<\/div>\n<div class=\"title__separator\"><\/div>\n<div class=\"article__text\">\n<p><b>Andressa Collet \u2013 Cidade do Vaticano<\/b><\/p>\n<div>\n<div class=\"article__embed article__embed--border embed_style\">\n<blockquote><p>\u201c Vivo com uma gratid\u00e3o especial este momento em que posso ver a Igreja respirar plenamente com os seus dois pulm\u00f5es \u2013 rito latino e rito bizantino \u2013 para se encher do ar sempre novo e renovador do Esp\u00edrito Santo. Dois pulm\u00f5es necess\u00e1rios, complementares, que nos ajudam a saborear melhor a beleza do Senhor (cf. Francisco, Exort. ap. Evangelii gaudium, 116). \u201d<\/p><\/blockquote>\n<\/div>\n<\/div>\n<p>Foi dessa forma que o Papa Francisco come\u00e7ou se dirigindo os sacerdotes de rito latino e bizantino e religiosos de Skopje, na Catedral do Sagrado Cora\u00e7\u00e3o de Jesus. No discurso, o \u00faltimo da viagem apost\u00f3lica de tr\u00eas dias que o levou \u00e0 Bulg\u00e1ria e terminou nesta ter\u00e7a-feira (7) na Maced\u00f4nia do Norte, o agradecimento do Pont\u00edfice a Deus \u201cpela possibilidade de respirar juntos, a plenos pulm\u00f5es\u201d. O Papa tamb\u00e9m fez quest\u00e3o de abordar os testemunhos que ouviu\u00a0 no in\u00edcio do encontro para que n\u00e3o corram o risco de, por serem poucos, \u201ccederem a algum complexo de inferioridade\u201d.<\/p>\n<p>Francisco, ent\u00e3o, aprofundou a necessidade de se \u201cfazer as contas na vida\u201d, principalmente quando as m\u00e3os e os meios s\u00e3o poucos para tantas obras a sustentar. \u201cQuando isso acontece, parece que o saldo do balan\u00e7o fica \u2018no vermelho\u2019\u201d, descreveu o Papa, \u201cmas, o \u2018fazer as contas\u2019 pode nos levar \u00e0 tenta\u00e7\u00e3o de olhar muito para n\u00f3s pr\u00f3prios e, curvados sobre as nossas realidades e mis\u00e9rias\u201d, impedir \u201cde escutar Aquele que caminha ao nosso lado e \u00e9 fonte de j\u00fabilo e alegria\u201d, como, por exemplo:<\/p>\n<\/div>\n<p><i>\u201c[&#8230;] fam\u00edlias que n\u00e3o conseguem continuar, pessoas idosas e sozinhas, doentes for\u00e7ados a estar na cama, jovens tristes e sem futuro, pobres que nos lembram o que somos, isto \u00e9, uma Igreja de mendigos necessitados da Miseric\u00f3rdia do Senhor. S\u00f3 \u00e9 l\u00edcito \u2018fazer as contas\u2019, se isso nos leva a nos tornarmos solid\u00e1rios, atentos, compreensivos e sol\u00edcitos em nos aproximarmos das fadigas e precariedade em que vivem submersos muitos dos nossos irm\u00e3os necessitados de uma Un\u00e7\u00e3o que os levante e cure na sua esperan\u00e7a.\u201d<\/i><\/p>\n<h2>A hist\u00f3ria se escreve com exemplos de amor<\/h2>\n<h2><\/h2>\n<p>Normalmente, disse o Pont\u00edfice, \u201ccultivamos fantasia sem limites pensando que as coisas seriam diferentes se f\u00f4ssemos fortes, poderosos e influentes\u201d. Mas o segredo pode estar em outro lugar, como apresentado por um dos testemunhos que se \u201cabaixou at\u00e9 \u00e0 vida di\u00e1ria dos irm\u00e3os para compartilhar e ungir com o perfume do Esp\u00edrito\u201d.<\/p>\n<p>O Papa ent\u00e3o buscou novamente a figura e o exemplo de Madre Teresa, filha da Maced\u00f4nia do Norte, para motivar a \u201cfazer as contas\u201d em nome da solidariedade:<\/p>\n<p><i>\u201cQuantos foram tranquilizados pela ternura do seu olhar, confortados pelas suas car\u00edcias, levantados pela sua esperan\u00e7a e alimentados pela coragem da sua f\u00e9, capaz de fazer sentir aos mais abandonados que n\u00e3o estavam abandonados por Deus! A hist\u00f3ria \u00e9 escrita por essas pessoas que n\u00e3o t\u00eam medo de gastar a sua vida por amor.\u201d<\/i><\/p>\n<p>Muitas vezes gastamos as nossas energias e recursos, reuni\u00f5es e programa\u00e7\u00f5es \u201cque n\u00e3o s\u00f3 n\u00e3o entusiasmam ningu\u00e9m, mas n\u00e3o conseguem sequer levar um pouco daquela fragr\u00e2ncia evang\u00e9lica capaz de confortar e abrir caminhos de esperan\u00e7a\u201d, acrescentou o Papa ao refor\u00e7ar as palavras de Madre Teresa que disse: \u201caquilo de que n\u00e3o preciso, me pesa\u201d. Ent\u00e3o, \u201cdeixemos de lado todos os pesos que nos separam da miss\u00e3o e impedem que o perfume da miseric\u00f3rdia alcance o rosto dos nossos irm\u00e3os\u201d.<\/p>\n<h2>As casas com \u00edcones da fam\u00edlia de Nazar\u00e9<\/h2>\n<h2><\/h2>\n<p>A partir de outro testemunho, \u201cde alegrias e preocupa\u00e7\u00f5es do minist\u00e9rio e da vida familiar\u201d, o Papa descreveu como \u00e9 \u201cuma casa que abriga no seu interior a presen\u00e7a de Deus, a ora\u00e7\u00e3o comum e, por conseguinte, a b\u00ean\u00e7\u00e3o do Senhor\u201d. N\u00e3o a partir de uma fam\u00edlia \u2018perfeita\u2019 ou imaculada, mas como o \u201c\u00edcone da fam\u00edlia de Nazar\u00e9, com o seu dia-a-dia feito de fadigas e at\u00e9 de pesadelos\u201d, capaz de desenvolver \u201cdimens\u00f5es importantes, mas t\u00e3o esquecidas na sociedade desgastada por rela\u00e7\u00f5es fren\u00e9ticas e superficiais: as dimens\u00f5es da ternura, da paci\u00eancia e da compaix\u00e3o para com os outros\u201d.<\/p>\n<div>\n<div class=\"article__embed article__embed--border embed_style\">\n<blockquote><p>\u201c Queridos irm\u00e3os, obrigado mais uma vez por esta oportunidade eclesial de respirar a plenos pulm\u00f5es. \u201d<\/p><\/blockquote>\n<\/div>\n<\/div>\n","protected":false},"excerpt":{"rendered":"<p>A Catedral do Sagrado Cora\u00e7\u00e3o de Jesus em Skopje foi o local de encontro de Francisco com os sacerdotes de rito latino e bizantino e com religiosos. Em discurso, o Papa falou dos desafios de se \u201cfazer as contas\u201d com a vida e atrav\u00e9s da solidariedade, mesmo em meio \u00e0 precariedade humana e de recursos, [&hellip;]<\/p>\n","protected":false},"author":1,"featured_media":48947,"comment_status":"open","ping_status":"closed","sticky":false,"template":"","format":"standard","meta":{"footnotes":""},"categories":[3],"tags":[],"class_list":["post-48946","post","type-post","status-publish","format-standard","has-post-thumbnail","hentry","category-vaticano"],"_links":{"self":[{"href":"https:\/\/catolicanet.net\/wp-cnet\/wp-json\/wp\/v2\/posts\/48946","targetHints":{"allow":["GET"]}}],"collection":[{"href":"https:\/\/catolicanet.net\/wp-cnet\/wp-json\/wp\/v2\/posts"}],"about":[{"href":"https:\/\/catolicanet.net\/wp-cnet\/wp-json\/wp\/v2\/types\/post"}],"author":[{"embeddable":true,"href":"https:\/\/catolicanet.net\/wp-cnet\/wp-json\/wp\/v2\/users\/1"}],"replies":[{"embeddable":true,"href":"https:\/\/catolicanet.net\/wp-cnet\/wp-json\/wp\/v2\/comments?post=48946"}],"version-history":[{"count":1,"href":"https:\/\/catolicanet.net\/wp-cnet\/wp-json\/wp\/v2\/posts\/48946\/revisions"}],"predecessor-version":[{"id":48948,"href":"https:\/\/catolicanet.net\/wp-cnet\/wp-json\/wp\/v2\/posts\/48946\/revisions\/48948"}],"wp:featuredmedia":[{"embeddable":true,"href":"https:\/\/catolicanet.net\/wp-cnet\/wp-json\/wp\/v2\/media\/48947"}],"wp:attachment":[{"href":"https:\/\/catolicanet.net\/wp-cnet\/wp-json\/wp\/v2\/media?parent=48946"}],"wp:term":[{"taxonomy":"category","embeddable":true,"href":"https:\/\/catolicanet.net\/wp-cnet\/wp-json\/wp\/v2\/categories?post=48946"},{"taxonomy":"post_tag","embeddable":true,"href":"https:\/\/catolicanet.net\/wp-cnet\/wp-json\/wp\/v2\/tags?post=48946"}],"curies":[{"name":"wp","href":"https:\/\/api.w.org\/{rel}","templated":true}]}}