{"id":48923,"date":"2019-05-07T13:28:55","date_gmt":"2019-05-07T16:28:55","guid":{"rendered":"http:\/\/catolicanet.net\/wp-cnet\/?p=48923"},"modified":"2019-05-07T13:28:55","modified_gmt":"2019-05-07T16:28:55","slug":"a-lingua-e-cultura-portuguesa-sao-a-matriz-identitaria-da-cplp","status":"publish","type":"post","link":"https:\/\/catolicanet.net\/wp-cnet\/a-lingua-e-cultura-portuguesa-sao-a-matriz-identitaria-da-cplp\/","title":{"rendered":"\u201cA L\u00edngua e Cultura Portuguesa s\u00e3o a matriz identit\u00e1ria da CPLP&#8221;"},"content":{"rendered":"<h1 class=\"article__title\"><\/h1>\n<div class=\"article__subTitle\">Sess\u00e3o solene comemorativa do Dia da L\u00edngua Portuguesa e da Cultura na Comunidade dos Pa\u00edses de L\u00edngua Portuguesa decorreu no dia 3 de maio, na sede da organiza\u00e7\u00e3o, em Lisboa.<\/div>\n<div class=\"title__separator\"><\/div>\n<div class=\"article__text\">\n<p><b>Domingo Pinto &#8211; Lisboa<\/b><\/p>\n<p>A proposta da cria\u00e7\u00e3o de um \u201cMercado Comum das Artes, da Cultura e das Ind\u00fastrias Criativas\u201d marcou a sess\u00e3o solene comemorativa do Dia da L\u00edngua Portuguesa e da Cultura na Comunidade dos Pa\u00edses de L\u00edngua Portuguesa, que decorreu na sede da organiza\u00e7\u00e3o em Lisboa.<\/p>\n<div>\n<div class=\"article__embed article__embed--unwrap article__embed--dark\">\n<div class=\"article__innerTitle\">Ou\u00e7a e compartilhe<\/div>\n<!--[if lt IE 9]><script>document.createElement('audio');<\/script><![endif]-->\n<audio class=\"wp-audio-shortcode\" id=\"audio-48923-1\" preload=\"none\" style=\"width: 100%;\" controls=\"controls\"><source type=\"audio\/mpeg\" src=\"https:\/\/media.vaticannews.va\/media\/audio\/s1\/2019\/05\/07\/13\/135011584_F135011584.mp3?_=1\" \/><a href=\"https:\/\/media.vaticannews.va\/media\/audio\/s1\/2019\/05\/07\/13\/135011584_F135011584.mp3\">https:\/\/media.vaticannews.va\/media\/audio\/s1\/2019\/05\/07\/13\/135011584_F135011584.mp3<\/a><\/audio>\n<\/div>\n<\/div>\n<p>Uma sess\u00e3o presidida pelo Secret\u00e1rio Executivo da CPLP, embaixador Francisco Ribeiro Telles, este ano sob o lema \u00abA cultura e a aproxima\u00e7\u00e3o dos povos da CPLP: realidades, desafios e perspetivas futuras\u00bb.<\/p>\n<p>O diplomata portugu\u00eas sublinhou que \u201ca for\u00e7a da CPLP reside na diversidade dos pa\u00edses que a comp\u00f5em\u201d, e disse que \u201ca utiliza\u00e7\u00e3o da l\u00edngua portuguesa n\u00e3o \u00e9 homog\u00e9nea\u201d e por isso mesmo, \u201cexige estrat\u00e9gias de promo\u00e7\u00e3o do \u00abportugu\u00eas\u00bb ajustadas \u00e0s realidades locais\u201d.<\/p>\n<p>\u201cA l\u00edngua portuguesa e a cultura s\u00e3o a nossa matriz identit\u00e1ria que estiveram na g\u00e9nese da cria\u00e7\u00e3o da CPLP\u201d, disse o SE da CPLP, que considerou ainda essencial \u201cvalorizar a promo\u00e7\u00e3o da l\u00edngua portuguesa junto das nossas di\u00e1sporas e incentivar a divulga\u00e7\u00e3o da l\u00edngua portuguesa em pa\u00edses terceiros, ou seja, ensinar o \u00abportugu\u00eas\u00bb como l\u00edngua estrangeira\u201d.<\/p>\n<p>Nesta sess\u00e3o solene interveio tamb\u00e9m o Representante da Presid\u00eancia pro tempore da CPLP, o embaixador cabo-verdiano Eurico Monteiro, que lembrou o \u201cvasto legado hist\u00f3rico e cultural\u201d que une os povos da CPLP.<\/p>\n<p>O diplomata disse que \u201ca relev\u00e2ncia da cultura e da l\u00edngua est\u00e1 patente na presid\u00eancia que Cabo Verde atribui ao tema\u201d, e defendeu a necessidade de eliminar \u201cbarreiras para a circula\u00e7\u00e3o de autores, de artistas e das suas obras\u201d.<\/p>\n<p>&nbsp;<\/p>\n<\/div>\n","protected":false},"excerpt":{"rendered":"<p>Sess\u00e3o solene comemorativa do Dia da L\u00edngua Portuguesa e da Cultura na Comunidade dos Pa\u00edses de L\u00edngua Portuguesa decorreu no dia 3 de maio, na sede da organiza\u00e7\u00e3o, em Lisboa. Domingo Pinto &#8211; Lisboa A proposta da cria\u00e7\u00e3o de um \u201cMercado Comum das Artes, da Cultura e das Ind\u00fastrias Criativas\u201d marcou a sess\u00e3o solene comemorativa [&hellip;]<\/p>\n","protected":false},"author":1,"featured_media":48924,"comment_status":"open","ping_status":"closed","sticky":false,"template":"","format":"standard","meta":{"footnotes":""},"categories":[3],"tags":[],"class_list":["post-48923","post","type-post","status-publish","format-standard","has-post-thumbnail","hentry","category-vaticano"],"_links":{"self":[{"href":"https:\/\/catolicanet.net\/wp-cnet\/wp-json\/wp\/v2\/posts\/48923","targetHints":{"allow":["GET"]}}],"collection":[{"href":"https:\/\/catolicanet.net\/wp-cnet\/wp-json\/wp\/v2\/posts"}],"about":[{"href":"https:\/\/catolicanet.net\/wp-cnet\/wp-json\/wp\/v2\/types\/post"}],"author":[{"embeddable":true,"href":"https:\/\/catolicanet.net\/wp-cnet\/wp-json\/wp\/v2\/users\/1"}],"replies":[{"embeddable":true,"href":"https:\/\/catolicanet.net\/wp-cnet\/wp-json\/wp\/v2\/comments?post=48923"}],"version-history":[{"count":1,"href":"https:\/\/catolicanet.net\/wp-cnet\/wp-json\/wp\/v2\/posts\/48923\/revisions"}],"predecessor-version":[{"id":48925,"href":"https:\/\/catolicanet.net\/wp-cnet\/wp-json\/wp\/v2\/posts\/48923\/revisions\/48925"}],"wp:featuredmedia":[{"embeddable":true,"href":"https:\/\/catolicanet.net\/wp-cnet\/wp-json\/wp\/v2\/media\/48924"}],"wp:attachment":[{"href":"https:\/\/catolicanet.net\/wp-cnet\/wp-json\/wp\/v2\/media?parent=48923"}],"wp:term":[{"taxonomy":"category","embeddable":true,"href":"https:\/\/catolicanet.net\/wp-cnet\/wp-json\/wp\/v2\/categories?post=48923"},{"taxonomy":"post_tag","embeddable":true,"href":"https:\/\/catolicanet.net\/wp-cnet\/wp-json\/wp\/v2\/tags?post=48923"}],"curies":[{"name":"wp","href":"https:\/\/api.w.org\/{rel}","templated":true}]}}