{"id":4892,"date":"2014-07-25T17:14:30","date_gmt":"2014-07-25T20:14:30","guid":{"rendered":"http:\/\/catolicanet.net\/wp-cnet\/brasil-avanca-no-indice-de-desenvolvimento-humano-da-onu\/"},"modified":"2017-04-06T10:22:12","modified_gmt":"2017-04-06T13:22:12","slug":"brasil-avanca-no-indice-de-desenvolvimento-humano-da-onu","status":"publish","type":"post","link":"https:\/\/catolicanet.net\/wp-cnet\/brasil-avanca-no-indice-de-desenvolvimento-humano-da-onu\/","title":{"rendered":"Brasil avan\u00e7a no \u00cdndice de Desenvolvimento Humano da ONU"},"content":{"rendered":"<p style=\"text-align: justify;\"><img decoding=\"async\" src=\"http:\/\/catolicanet.com.br\/images\/stories\/desenvolvimentohumano.jpg\" border=\"0\" align=\"left\" \/>O Programa das Na\u00e7\u00f5es Unidas para o Desenvolvimento, Pnud, lan\u00e7ou nesta quinta-feira, em T\u00f3quio, o relat\u00f3rio sobre \u00cdndice de Desenvolvimento Humano.<\/p>\n<p>O documento mostra que o n\u00edvel de desenvolvimento continua subindo no mundo, mas em ritmo mais lento. O relat\u00f3rio inclui dados sobre renda, g\u00eanero, educa\u00e7\u00e3o e sa\u00fade.<\/p>\n<p>Assim como no ano passado, a Noruega lidera o ranking, seguida da Austr\u00e1lia, da Su\u00ed\u00e7a, da Holanda e dos Estados Unidos. Nas \u00faltimas coloca\u00e7\u00f5es da lista est\u00e3o N\u00edger, Rep\u00fablica Democr\u00e1tica do Congo, Rep\u00fablica Centro-Africana e Serra Leoa, pa\u00edses que tamb\u00e9m ocupavam as \u00faltimas posi\u00e7\u00f5es em 2012. O relat\u00f3rio avalia 187 pa\u00edses.<\/p>\n<p>O Brasil subiu uma posi\u00e7\u00e3o e aparece em 79\u00ba lugar no IDH. O pa\u00eds est\u00e1 no grupo de na\u00e7\u00f5es com &#8220;desenvolvimento elevado&#8221; e \u00e9 elogiado pelas pol\u00edticas nacionais de distribui\u00e7\u00e3o de renda, como o Bolsa Fam\u00edlia. De acordo com o Pnud, o programa tem sido associado ao decl\u00ednio na pobreza extrema no pa\u00eds.<\/p>\n<p>De Nova Iorque, a assessora de comunica\u00e7\u00e3o da ag\u00eancia da ONU, Carolina Azevedo, falou \u00e0 R\u00e1dio ONU sobre o desempenho brasileiro: &#8220;O Brasil ficou em 79 entre os 187 pa\u00edses, est\u00e1 no grupo de desenvolvimento humano alto. \u00c9 bom destacar que o IDH do Brasil foi o que mais cresceu entre os pa\u00edses da Am\u00e9rica Latina, com uma alta acumulada no per\u00edodo de 36%&#8221;.<\/p>\n<p>Segundo o documento, a expectativa de vida do brasileiro \u00e9 de 73,9 anos. A m\u00e9dia de anos na escola \u00e9 de 7,2 anos, quase a metade dos 12,6 anos na Noruega.<\/p>\n<p>Fonte: R\u00e1dio Vaticano<br \/>Local: Nova Iorque<\/p>\n","protected":false},"excerpt":{"rendered":"<p>O Programa das Na\u00e7\u00f5es Unidas para o Desenvolvimento, Pnud, lan\u00e7ou nesta quinta-feira, em T\u00f3quio, o relat\u00f3rio sobre \u00cdndice de Desenvolvimento Humano. O documento mostra que o n\u00edvel de desenvolvimento continua subindo no mundo, mas em ritmo mais lento. O relat\u00f3rio inclui dados sobre renda, g\u00eanero, educa\u00e7\u00e3o e sa\u00fade. Assim como no ano passado, a Noruega [&hellip;]<\/p>\n","protected":false},"author":1,"featured_media":0,"comment_status":"closed","ping_status":"closed","sticky":false,"template":"","format":"standard","meta":{"footnotes":""},"categories":[4],"tags":[],"class_list":["post-4892","post","type-post","status-publish","format-standard","hentry","category-cotidiano"],"_links":{"self":[{"href":"https:\/\/catolicanet.net\/wp-cnet\/wp-json\/wp\/v2\/posts\/4892","targetHints":{"allow":["GET"]}}],"collection":[{"href":"https:\/\/catolicanet.net\/wp-cnet\/wp-json\/wp\/v2\/posts"}],"about":[{"href":"https:\/\/catolicanet.net\/wp-cnet\/wp-json\/wp\/v2\/types\/post"}],"author":[{"embeddable":true,"href":"https:\/\/catolicanet.net\/wp-cnet\/wp-json\/wp\/v2\/users\/1"}],"replies":[{"embeddable":true,"href":"https:\/\/catolicanet.net\/wp-cnet\/wp-json\/wp\/v2\/comments?post=4892"}],"version-history":[{"count":1,"href":"https:\/\/catolicanet.net\/wp-cnet\/wp-json\/wp\/v2\/posts\/4892\/revisions"}],"predecessor-version":[{"id":9786,"href":"https:\/\/catolicanet.net\/wp-cnet\/wp-json\/wp\/v2\/posts\/4892\/revisions\/9786"}],"wp:attachment":[{"href":"https:\/\/catolicanet.net\/wp-cnet\/wp-json\/wp\/v2\/media?parent=4892"}],"wp:term":[{"taxonomy":"category","embeddable":true,"href":"https:\/\/catolicanet.net\/wp-cnet\/wp-json\/wp\/v2\/categories?post=4892"},{"taxonomy":"post_tag","embeddable":true,"href":"https:\/\/catolicanet.net\/wp-cnet\/wp-json\/wp\/v2\/tags?post=4892"}],"curies":[{"name":"wp","href":"https:\/\/api.w.org\/{rel}","templated":true}]}}