{"id":4891,"date":"2014-07-25T17:08:40","date_gmt":"2014-07-25T20:08:40","guid":{"rendered":"http:\/\/catolicanet.net\/wp-cnet\/e-hora-de-pensar-bem\/"},"modified":"2017-04-06T10:21:40","modified_gmt":"2017-04-06T13:21:40","slug":"e-hora-de-pensar-bem","status":"publish","type":"post","link":"https:\/\/catolicanet.net\/wp-cnet\/e-hora-de-pensar-bem\/","title":{"rendered":"\u00c9 hora de pensar bem"},"content":{"rendered":"<p style=\"text-align: justify;\"><img decoding=\"async\" src=\"http:\/\/catolicanet.com.br\/images\/stories\/ehoradepensarbem.jpg\" border=\"0\" align=\"left\" \/>N\u00e3o \u00e9 recomend\u00e1vel alimentar ilus\u00f5es diante do jogo pesado que comanda o processo eleitoral. Entre outras perplexidades, sabe-se dos grupos, inclusive religiosos (ou supostamente religiosos), que negociam interesses. A partir de interesses nebulosos, alavancam candidaturas com o objetivo de constituir bancada pr\u00f3pria. Essa postura, assim como as habituais negociatas que ocorrem ap\u00f3s as elei\u00e7\u00f5es, com a distribui\u00e7\u00e3o de cargos segundo interesses partid\u00e1rios, incontestavelmente, est\u00e1 na contram\u00e3o da envergadura moral que os cidad\u00e3os merecem. Obviamente, s\u00e3o posturas que prejudicam a governabilidade e comprometem a pr\u00f3pria democracia. \u00c9 hora de pensar bem sobre a import\u00e2ncia do nobre exerc\u00edcio do direito de votar. Tamb\u00e9m \u00e9 preciso refletir a respeito da presen\u00e7a dos crist\u00e3os na pol\u00edtica.<\/p>\n<p>Essa participa\u00e7\u00e3o \u00e9 aut\u00eantica e balizada pela moralidade quando, efetivamente, busca a escolha de representantes \u00e0 altura dos postos de responsabilidade do Legislativo e Executivo. N\u00e3o \u00e9 submissa \u00e0s trocas de favores ou negocia\u00e7\u00f5es. Quando uma experi\u00eancia de f\u00e9 \u00e9 madura, tem for\u00e7a para enfrentar a realidade e lutar por sua transforma\u00e7\u00e3o. Nunca se coloca a servi\u00e7o de um prop\u00f3sito ego\u00edsta, reduzido ao territ\u00f3rio dos interesses de poucos. Lembra-nos o Papa Francisco que \u201cdevemos envolver-nos na pol\u00edtica, porque a pol\u00edtica \u00e9 uma das formas mais altas da caridade, porque busca o bem comum\u201d. \u00c0 luz dos valores do Evangelho de Jesus e em di\u00e1logo com todos os segmentos da sociedade pluralista, o crist\u00e3o precisa participar das elei\u00e7\u00f5es deste ano. N\u00e3o por interesse seu, nem mesmo por objetivos espec\u00edficos de determinado grupo ou institui\u00e7\u00e3o, mas orientado pela nobre tarefa de ajudar a construir uma sociedade melhor.<\/p>\n<p>\u00c9 hora de pensar bem a respeito do que precisa mudar. E n\u00e3o \u00e9 pouca coisa. Os cen\u00e1rios pol\u00edticos e a atua\u00e7\u00e3o de lideran\u00e7as n\u00e3o podem ser avaliados de modo ing\u00eanuo. Tamb\u00e9m \u00e9 preciso refletir sobre benef\u00edcios que n\u00e3o possuem car\u00e1ter emancipat\u00f3rio para avan\u00e7ar o quanto se pode na economia, na cultura, na educa\u00e7\u00e3o e nos servi\u00e7os que s\u00e3o direito do povo. Por isso mesmo, \u00e9 hora de \u201cpassar um pente fino\u201d nos nomes daqueles que disputar\u00e3o as elei\u00e7\u00f5es , mesmo diante do atual jogo eleitoral, que precisa mudar a partir de uma profunda reforma pol\u00edtica. Os eleitores devem avaliar seriamente todos os candidatos. \u00c9 importante votar em quem pauta sua vida e suas a\u00e7\u00f5es nos valores crist\u00e3os, embora n\u00e3o seja a \u00fanica condi\u00e7\u00e3o de adequada participa\u00e7\u00e3o cidad\u00e3.<\/p>\n<p>Os que submetem seus nomes ao sufr\u00e1gio dos votos devem determinantemente ter o gosto pelo di\u00e1logo. N\u00e3o se pode governar adequadamente quando n\u00e3o se tem compet\u00eancia e abertura para ouvir, condi\u00e7\u00e3o indispens\u00e1vel para promover as mudan\u00e7as necess\u00e1rias a partir da participa\u00e7\u00e3o dos diversos setores da sociedade. \u00c9 hora de pensar bem na lista de candidatos. Apresentar-se como \u201csalvador da p\u00e1tria\u201d, adotar a t\u00e1tica dos ataques para afirmar-se pela destrui\u00e7\u00e3o dos outros ou, simplesmente, exaltar as pr\u00f3prias qualidades n\u00e3o podem constituir estrat\u00e9gia para fortalecer nomes. A crise de lideran\u00e7a na sociedade brasileira, em diferentes \u00e2mbitos, pol\u00edticos e institucionais, n\u00e3o dispensa o despertar de uma grande rede de institui\u00e7\u00f5es, inclusive as religiosas, para cultivar o exerc\u00edcio cidad\u00e3o de votar e escolher bem.<\/p>\n<p>Seguir no caminho oposto inviabiliza a supera\u00e7\u00e3o dos gargalos que prejudicam o crescimento e contribui para o fortalecimento da pol\u00edtica imoral, que permite apropria\u00e7\u00e3o das inst\u00e2ncias governamentais, a perpetua\u00e7\u00e3o no poder. Consequentemente, compromete-se o contexto cultural e educativo. Convive-se com os riscos de retrocessos pol\u00edticos, principalmente quando s\u00e3o exaltados modelos que n\u00e3o se ajustam \u00e0 realidade brasileira, com sua hist\u00f3ria e conquistas. \u00c9 hora de pensar sobre quem tem condi\u00e7\u00f5es de ser eleito, de representar o povo. A partir do voto, \u00e9 poss\u00edvel demonstrar a insatisfa\u00e7\u00e3o com os pol\u00edticos que exercerem seus mandatos distanciados das necessidades da popula\u00e7\u00e3o, que fazem da pol\u00edtica um \u201cbalc\u00e3o de neg\u00f3cios\u201d. \u00c9 hora de pensar bem!<\/p>\n<p><strong>Dom Walmor Oliveira de Azevedo<br \/>Arcebispo metropolitano de Belo Horizonte<\/strong><\/p>\n<p style=\"text-align: justify;\">Fonte: R\u00e1dio Vaticano<\/p>\n","protected":false},"excerpt":{"rendered":"<p>N\u00e3o \u00e9 recomend\u00e1vel alimentar ilus\u00f5es diante do jogo pesado que comanda o processo eleitoral. Entre outras perplexidades, sabe-se dos grupos, inclusive religiosos (ou supostamente religiosos), que negociam interesses. A partir de interesses nebulosos, alavancam candidaturas com o objetivo de constituir bancada pr\u00f3pria. Essa postura, assim como as habituais negociatas que ocorrem ap\u00f3s as elei\u00e7\u00f5es, com [&hellip;]<\/p>\n","protected":false},"author":1,"featured_media":0,"comment_status":"closed","ping_status":"closed","sticky":false,"template":"","format":"standard","meta":{"footnotes":""},"categories":[3],"tags":[],"class_list":["post-4891","post","type-post","status-publish","format-standard","hentry","category-vaticano"],"_links":{"self":[{"href":"https:\/\/catolicanet.net\/wp-cnet\/wp-json\/wp\/v2\/posts\/4891","targetHints":{"allow":["GET"]}}],"collection":[{"href":"https:\/\/catolicanet.net\/wp-cnet\/wp-json\/wp\/v2\/posts"}],"about":[{"href":"https:\/\/catolicanet.net\/wp-cnet\/wp-json\/wp\/v2\/types\/post"}],"author":[{"embeddable":true,"href":"https:\/\/catolicanet.net\/wp-cnet\/wp-json\/wp\/v2\/users\/1"}],"replies":[{"embeddable":true,"href":"https:\/\/catolicanet.net\/wp-cnet\/wp-json\/wp\/v2\/comments?post=4891"}],"version-history":[{"count":1,"href":"https:\/\/catolicanet.net\/wp-cnet\/wp-json\/wp\/v2\/posts\/4891\/revisions"}],"predecessor-version":[{"id":9785,"href":"https:\/\/catolicanet.net\/wp-cnet\/wp-json\/wp\/v2\/posts\/4891\/revisions\/9785"}],"wp:attachment":[{"href":"https:\/\/catolicanet.net\/wp-cnet\/wp-json\/wp\/v2\/media?parent=4891"}],"wp:term":[{"taxonomy":"category","embeddable":true,"href":"https:\/\/catolicanet.net\/wp-cnet\/wp-json\/wp\/v2\/categories?post=4891"},{"taxonomy":"post_tag","embeddable":true,"href":"https:\/\/catolicanet.net\/wp-cnet\/wp-json\/wp\/v2\/tags?post=4891"}],"curies":[{"name":"wp","href":"https:\/\/api.w.org\/{rel}","templated":true}]}}