{"id":4890,"date":"2014-07-25T17:04:52","date_gmt":"2014-07-25T20:04:52","guid":{"rendered":"http:\/\/catolicanet.net\/wp-cnet\/a-mensagem-do-santo-padre-para-o-iv-encontro-da-pascom-qmundo-digital-e-campo-fundamental-da-nova-saida-missionariaq\/"},"modified":"2017-04-06T10:21:18","modified_gmt":"2017-04-06T13:21:18","slug":"a-mensagem-do-santo-padre-para-o-iv-encontro-da-pascom-qmundo-digital-e-campo-fundamental-da-nova-saida-missionariaq","status":"publish","type":"post","link":"https:\/\/catolicanet.net\/wp-cnet\/a-mensagem-do-santo-padre-para-o-iv-encontro-da-pascom-qmundo-digital-e-campo-fundamental-da-nova-saida-missionariaq\/","title":{"rendered":"A mensagem do Santo Padre para o IV encontro da PASCOM: &#8220;mundo digital \u00e9 campo fundamental da nova sa\u00edda mission\u00e1ria&#8221;"},"content":{"rendered":"<p style=\"text-align: justify;\"><img decoding=\"async\" src=\"http:\/\/catolicanet.com.br\/images\/stories\/pascom2014.jpg\" border=\"0\" align=\"left\" \/>\u201c\u00c9 necess\u00e1rio que no mundo digital o an\u00fancio do Evangelho seja seguido pela oferta de um encontro pessoal com Cristo, um encontro real e transformador\u201d. Foi o que auspiciou o Papa Francisco na mensagem \u2013 assinada pelo Cardeal Secret\u00e1rio de Estado Pietro Parolin &#8211; aos participantes do IV Encontro Nacional da Pastoral da Comunica\u00e7\u00e3o (PASCOM) e do 2\u00ba Semin\u00e1rio Nacional de Jovens Comunicadores, realizado em Aparecida desde o dia 24 de julho. O tema de reflex\u00e3o ao longo do encontro \u00e9 &#8220;Comunica\u00e7\u00e3o, desafios e possibilidades para evangelizar na era da cultura digital\u201d.<\/p>\n<p>O objetivo dos trabalhos dos dois encontros \u2013 a serem conclu\u00eddos no pr\u00f3ximo domingo, 27 \u2013 \u00e9 a pesquisa de novos caminhos para formar e motivar os agentes da pastoral das comunica\u00e7\u00f5es no Brasil. O encontro \u2013 do qual participam bispos, sacerdotes, religiosos e leigos comprometidos no setor \u2013 realiza-se no anivers\u00e1rio da visita do Papa Francisco ao Brasil por ocasi\u00e3o da JMJ.<\/p>\n<p>A experi\u00eancia vivida no Rio de Janeiro inspirou a mensagem do Papa quando \u2013 ao citar a homilia da Missa celebrada em 27 de julho na Catedral do Rio de Janeiro \u2013 exortou a \u201cn\u00e3o permanecermos fechados na par\u00f3quia, nas nossas comunidades, na nossa institui\u00e7\u00e3o paroquial ou na nossa institui\u00e7\u00e3o diocesana, quando tantas pessoas est\u00e3o na espera do Evangelho! Sair enviados. N\u00e3o \u00e9 simplesmente abrir a porta para que venham, para colher, mas \u00e9 sair pela porta para buscar e encontrar!\u201d.<\/p>\n<p>Um convite para \u201csair\u201d, tamb\u00e9m dirigido ao mundo digital. \u201cNenhum caminho pode, nem deve, ser obstru\u00eddo \u2013 explica a este prop\u00f3sito a mensagem \u2013 a quem, em nome de Cristo Ressuscitado, se empenha em tornar-se sempre mais solid\u00e1rio com o homem. Com o Evangelho na m\u00e3o e no cora\u00e7\u00e3o, \u00e9 necess\u00e1rio reafirmar que \u00e9 tempo de continuar a preparar caminhos que conduzam \u00e0 Palavra de Deus, n\u00e3o descuidando de dirigir uma aten\u00e7\u00e3o especial a quem ainda vive em uma fase de busca\u201d.<\/p>\n<p>\u201cDe fato \u2013 prossegue a mensagem &#8211; uma pastoral no mundo digital \u00e9 chamada a levar em considera\u00e7\u00e3o tamb\u00e9m aqueles que n\u00e3o cr\u00eaem, ca\u00edram no desespero e cultivam no cora\u00e7\u00e3o o desejo do absoluto e da verdade n\u00e3o ef\u00eamero, dado que as novas m\u00eddias permitem entrar em contato com seguidores de todas as religi\u00f5es, com n\u00e3o-crentes e pessoas de todas as culturas\u201d.<\/p>\n<p>\u201cPor isto, em tal contexto, os canais digitais s\u00e3o um campo fundamental na nova \u201csa\u00edda\u201d mission\u00e1ria\u201d, afirma o Papa Francisco na Evangelii gaudium (n. 20), \u00e0 qual \u2013 sublinha \u2013 todos somos chamados\u201d. Neste sentido, exorta os agentes da pastoral da comunica\u00e7\u00e3o \u201ca unirem-se, com confian\u00e7a e com criatividade consciente e respons\u00e1vel, \u00e0 rede de rela\u00e7\u00f5es que a era digital tornou poss\u00edvel\u201d.<\/p>\n<p>O Pont\u00edfice indica aos comunicadores brasileiros tamb\u00e9m as modalidades concretas para fazer isto: de um lado, fornecendo os meios necess\u00e1rios para aprender a linguagem particular deste \u2018aer\u00f3pago\u2019, e de outro reconhecendo \u201co primado da pessoa\u201d. \u201cSem esquecer \u2013 conclui o Bispo de Roma &#8211; que o continente digital, antes de ser uma mera realidade tecnol\u00f3gica, \u00e9 antes de tudo um lugar de encontro entre homens e mulheres, cujas aspira\u00e7\u00f5es e desafios n\u00e3o s\u00e3o virtuais, mas reais, e tem necessidade de uma resposta concreta\u201d.<\/p>\n<p>Fonte: R\u00e1dio Vaticano<br \/>Local: Cidade do Vaticano<\/p>\n","protected":false},"excerpt":{"rendered":"<p>\u201c\u00c9 necess\u00e1rio que no mundo digital o an\u00fancio do Evangelho seja seguido pela oferta de um encontro pessoal com Cristo, um encontro real e transformador\u201d. Foi o que auspiciou o Papa Francisco na mensagem \u2013 assinada pelo Cardeal Secret\u00e1rio de Estado Pietro Parolin &#8211; aos participantes do IV Encontro Nacional da Pastoral da Comunica\u00e7\u00e3o (PASCOM) [&hellip;]<\/p>\n","protected":false},"author":1,"featured_media":0,"comment_status":"closed","ping_status":"closed","sticky":false,"template":"","format":"standard","meta":{"footnotes":""},"categories":[3],"tags":[],"class_list":["post-4890","post","type-post","status-publish","format-standard","hentry","category-vaticano"],"_links":{"self":[{"href":"https:\/\/catolicanet.net\/wp-cnet\/wp-json\/wp\/v2\/posts\/4890","targetHints":{"allow":["GET"]}}],"collection":[{"href":"https:\/\/catolicanet.net\/wp-cnet\/wp-json\/wp\/v2\/posts"}],"about":[{"href":"https:\/\/catolicanet.net\/wp-cnet\/wp-json\/wp\/v2\/types\/post"}],"author":[{"embeddable":true,"href":"https:\/\/catolicanet.net\/wp-cnet\/wp-json\/wp\/v2\/users\/1"}],"replies":[{"embeddable":true,"href":"https:\/\/catolicanet.net\/wp-cnet\/wp-json\/wp\/v2\/comments?post=4890"}],"version-history":[{"count":1,"href":"https:\/\/catolicanet.net\/wp-cnet\/wp-json\/wp\/v2\/posts\/4890\/revisions"}],"predecessor-version":[{"id":9784,"href":"https:\/\/catolicanet.net\/wp-cnet\/wp-json\/wp\/v2\/posts\/4890\/revisions\/9784"}],"wp:attachment":[{"href":"https:\/\/catolicanet.net\/wp-cnet\/wp-json\/wp\/v2\/media?parent=4890"}],"wp:term":[{"taxonomy":"category","embeddable":true,"href":"https:\/\/catolicanet.net\/wp-cnet\/wp-json\/wp\/v2\/categories?post=4890"},{"taxonomy":"post_tag","embeddable":true,"href":"https:\/\/catolicanet.net\/wp-cnet\/wp-json\/wp\/v2\/tags?post=4890"}],"curies":[{"name":"wp","href":"https:\/\/api.w.org\/{rel}","templated":true}]}}