{"id":48876,"date":"2019-05-06T14:56:05","date_gmt":"2019-05-06T17:56:05","guid":{"rendered":"http:\/\/catolicanet.net\/wp-cnet\/?p=48876"},"modified":"2019-05-06T15:00:39","modified_gmt":"2019-05-06T18:00:39","slug":"vocacoes-da-zambezia-ate-gouveia-a-historia-do-diacono-adelino-manuel-mano","status":"publish","type":"post","link":"https:\/\/catolicanet.net\/wp-cnet\/vocacoes-da-zambezia-ate-gouveia-a-historia-do-diacono-adelino-manuel-mano\/","title":{"rendered":"Voca\u00e7\u00f5es: Da Zamb\u00e9zia at\u00e9 Gouveia, a hist\u00f3ria do di\u00e1cono Adelino Manuel Mano"},"content":{"rendered":"<p><em>Mission\u00e1rio mo\u00e7ambicano, da congrega\u00e7\u00e3o de S\u00e3o Jo\u00e3o Batista, est\u00e1 em Portugal desde 2012<\/em><\/p>\n<div id=\"attachment_136027\" class=\"wp-caption alignleft fbx-instance\">\n<p>&nbsp;<\/p>\n<p id=\"caption-attachment-136027\" class=\"wp-caption-text\">\n<\/div>\n<p>Guarda, 06 mai 2019 (Ecclesia) \u2013 O di\u00e1cono mo\u00e7ambicano Adelino Manuel Mano, ordenado recentemente na Diocese da Guarda, falou \u00e0 Ag\u00eancia ECCLESIA sobre a sua voca\u00e7\u00e3o e sobre a situa\u00e7\u00e3o do seu pa\u00eds, que acompanha de forma \u201cdolorosa\u201d \u00e0 dist\u00e2ncia.<\/p>\n<p>Numa entrevista inserida na Semana de Ora\u00e7\u00e3o pelas Voca\u00e7\u00f5es, que decorre at\u00e9 dia 12 de maio, o novo di\u00e1cono, de 33 anos, destaca a \u201cdor\u201d por ver Mo\u00e7ambique \u201cperder vidas humanas e bens materiais\u201d, devido \u00e0s mais recentes cat\u00e1strofes naturais.<\/p>\n<p>A milhares de quil\u00f3metros de dist\u00e2ncia, o membro da congrega\u00e7\u00e3o dos Mission\u00e1rios de S\u00e3o Jo\u00e3o Batista, ordenado em Gouveia, na Diocese da Guarda, faz votos de que o seu pa\u00eds natal recupere depressa e que n\u00e3o aconte\u00e7am mais situa\u00e7\u00f5es destas, que \u201cn\u00e3o somos capazes de controlar\u201d.<\/p>\n<p>Natural de Gil\u00e9, na Prov\u00edncia da Zamb\u00e9zia, o di\u00e1cono Adelino Manuel Mano \u201cencontrou\u201d a sua voca\u00e7\u00e3o bem cedo, a partir de casa, na fam\u00edlia.<\/p>\n<p>\u201cForam momentos que pude experimentar na minha caminhada quando era mais novo. A minha m\u00e3e era uma aspirante \u00e0 vida consagrada\u201d, revela o mission\u00e1rio.<\/p>\n<p>A sua progenitora n\u00e3o levou a sua voca\u00e7\u00e3o avante, mas a semente e o exemplo ficaram e o jovem Adelino come\u00e7ou a sentir que o seu caminho passava pela entrega a Deus.<\/p>\n<p>Quando terminou o 10.\u00ba ano entrou no Semin\u00e1rio diocesano, mas quando chegou \u00e0 etapa filos\u00f3fica, em Maputo, um problema de sa\u00fade levou-o a ter de regressar a casa.<\/p>\n<p>O di\u00e1cono recorda a forma como as comunidades se uniram em ora\u00e7\u00e3o, durante o tempo que esteve em convalescen\u00e7a.<\/p>\n<p>\u201cEu era um incentivo tanto para os jovens da minha comunidade como para a minha par\u00f3quia. E ent\u00e3o achei por bem que devia de retornar ao meu caminho\u201d, salienta Adelino Mano, que por essa altura conheceu os Mission\u00e1rios de S\u00e3o Jo\u00e3o Batista e decidiu enveredar antes pela vida religiosa.<\/p>\n<p>\u201cFoi por interm\u00e9dio da irm\u00e3 Lurdes, que j\u00e1 est\u00e1 a repousar na paz do Senhor, que me deu j\u00e1 informa\u00e7\u00e3o da espiritualidade, do carisma dos Mission\u00e1rios de S\u00e3o Jo\u00e3o Batista. Apaixonei-me, deixei-me seduzir por este carisma e abracei esta vida\u201d, recorda o di\u00e1cono mo\u00e7ambicano.<\/p>\n<p>Sobre a vinda para Portugal, onde est\u00e1 desde 2012, o jovem de 33 anos real\u00e7a \u201cum caminho que valeu a pena\u201d e agradece o \u201ccalor de todos\u201d quantos o acolheram.<\/p>\n<p>Quando ao futuro, o di\u00e1cono Adelino Manuel Mano dever\u00e1 voltar ao seu pa\u00eds em breve, no final deste semestre, para a ordena\u00e7\u00e3o sacerdotal, e depois trabalhar\u00e1 onde for mais \u201cnecess\u00e1rio\u201d.<\/p>\n<div id=\"attachment_136028\" class=\"wp-caption alignright fbx-instance\">\n<p><a class=\"fbx-link\" href=\"https:\/\/agencia.ecclesia.pt\/portal\/wp-content\/uploads\/2019\/05\/diacono_adelino2.jpg\"><img loading=\"lazy\" decoding=\"async\" class=\"wp-image-136028 size-medium\" src=\"https:\/\/agencia.ecclesia.pt\/portal\/wp-content\/uploads\/2019\/05\/diacono_adelino2-390x260.jpg\" sizes=\"auto, (max-width: 390px) 100vw, 390px\" srcset=\"https:\/\/agencia.ecclesia.pt\/portal\/wp-content\/uploads\/2019\/05\/diacono_adelino2-390x260.jpg 390w, https:\/\/agencia.ecclesia.pt\/portal\/wp-content\/uploads\/2019\/05\/diacono_adelino2-768x512.jpg 768w, https:\/\/agencia.ecclesia.pt\/portal\/wp-content\/uploads\/2019\/05\/diacono_adelino2-1024x683.jpg 1024w, https:\/\/agencia.ecclesia.pt\/portal\/wp-content\/uploads\/2019\/05\/diacono_adelino2-1080x720.jpg 1080w, https:\/\/agencia.ecclesia.pt\/portal\/wp-content\/uploads\/2019\/05\/diacono_adelino2.jpg 1200w\" alt=\"\" width=\"390\" height=\"260\" aria-describedby=\"caption-attachment-136028\" \/><\/a><\/p>\n<p id=\"caption-attachment-136028\" class=\"wp-caption-text\">Foto: O di\u00e1cono Adelino Manuel Nunes agradece o carinho de quem o acolheu em Portugal, AE \/ JCP<\/p>\n<\/div>\n<p>\u201cQuando entrei j\u00e1 como seminarista, de princ\u00edpio era para servir o meu povo, mas depois aprendi com a vida consagrada que n\u00f3s somos cidad\u00e3os do mundo, somos mission\u00e1rios. E sendo mission\u00e1rios n\u00e3o podemos escolher determinados lugares\u201d, salienta.<\/p>\n<p>Numa semana especialmente dedicada \u00e0s voca\u00e7\u00f5es, o di\u00e1cono Adelino Manuel Mano descarta a exist\u00eancia de uma crise neste setor, dentro da Igreja Cat\u00f3lica, e fala sim numa \u201ccrise dos cora\u00e7\u00f5es\u201d que faz com que vivamos hoje uma sociedade \u201cdesmoronada na f\u00e9\u201d.<\/p>\n<p>\u201cS\u00e3o os cora\u00e7\u00f5es que est\u00e3o em crise, no sentido em que \u00e0s vezes j\u00e1 fechamos o nosso cora\u00e7\u00e3o, o cora\u00e7\u00e3o que acolhe as mensagens, que acolhe as propostas. Fechamos o cora\u00e7\u00e3o \u00e0 Boa Nova, o mundo, n\u00e3o \u00e9 s\u00f3 a juventude, \u00e9 a sociedade\u201d, considera o di\u00e1cono, que liga esta problem\u00e1tica \u00e0s dificuldades que afetam hoje as fam\u00edlias.<\/p>\n<p>\u201cO cora\u00e7\u00e3o forma-se a partir da fam\u00edlia, como Igreja dom\u00e9stica, e se a fam\u00edlia n\u00e3o tem j\u00e1 momentos para partilhar essa f\u00e9 ser\u00e1 muito dif\u00edcil que uma crian\u00e7a, um jovem, um adolescente possa j\u00e1 viver ou testemunhar Cristo ressuscitado seja na catequese ou na escola ou em qualquer lado onde esteja\u201d, completa o di\u00e1cono Adelino Manuel Mano.<\/p>\n<p>A Igreja Cat\u00f3lica em Portugal est\u00e1 a viver at\u00e9 dia 12 de maio a 56\u00aa Semana de Ora\u00e7\u00e3o pelas Voca\u00e7\u00f5es, este ano com o lema \u2018A coragem de arriscar pela promessa de Deus\u2019.<\/p>\n<p>Uma <a href=\"http:\/\/ecclesia.pt\/hinovocacoes\/\">iniciativa<\/a> coordenada pela Comiss\u00e3o Episcopal das Voca\u00e7\u00f5es e Minist\u00e9rios, que sublinha a \u201cincontorn\u00e1vel dimens\u00e3o vocacional da vida de cada ser humano\u201d e convida \u00a0a rezar pelas voca\u00e7\u00f5es no seio da Igreja (matrim\u00f3nio, sacerd\u00f3cio, vida consagrada e vida laical).<\/p>\n","protected":false},"excerpt":{"rendered":"<p>Mission\u00e1rio mo\u00e7ambicano, da congrega\u00e7\u00e3o de S\u00e3o Jo\u00e3o Batista, est\u00e1 em Portugal desde 2012 &nbsp; Guarda, 06 mai 2019 (Ecclesia) \u2013 O di\u00e1cono mo\u00e7ambicano Adelino Manuel Mano, ordenado recentemente na Diocese da Guarda, falou \u00e0 Ag\u00eancia ECCLESIA sobre a sua voca\u00e7\u00e3o e sobre a situa\u00e7\u00e3o do seu pa\u00eds, que acompanha de forma \u201cdolorosa\u201d \u00e0 dist\u00e2ncia. Numa [&hellip;]<\/p>\n","protected":false},"author":1,"featured_media":48877,"comment_status":"open","ping_status":"closed","sticky":false,"template":"","format":"standard","meta":{"footnotes":""},"categories":[4],"tags":[],"class_list":["post-48876","post","type-post","status-publish","format-standard","has-post-thumbnail","hentry","category-cotidiano"],"_links":{"self":[{"href":"https:\/\/catolicanet.net\/wp-cnet\/wp-json\/wp\/v2\/posts\/48876","targetHints":{"allow":["GET"]}}],"collection":[{"href":"https:\/\/catolicanet.net\/wp-cnet\/wp-json\/wp\/v2\/posts"}],"about":[{"href":"https:\/\/catolicanet.net\/wp-cnet\/wp-json\/wp\/v2\/types\/post"}],"author":[{"embeddable":true,"href":"https:\/\/catolicanet.net\/wp-cnet\/wp-json\/wp\/v2\/users\/1"}],"replies":[{"embeddable":true,"href":"https:\/\/catolicanet.net\/wp-cnet\/wp-json\/wp\/v2\/comments?post=48876"}],"version-history":[{"count":3,"href":"https:\/\/catolicanet.net\/wp-cnet\/wp-json\/wp\/v2\/posts\/48876\/revisions"}],"predecessor-version":[{"id":48881,"href":"https:\/\/catolicanet.net\/wp-cnet\/wp-json\/wp\/v2\/posts\/48876\/revisions\/48881"}],"wp:featuredmedia":[{"embeddable":true,"href":"https:\/\/catolicanet.net\/wp-cnet\/wp-json\/wp\/v2\/media\/48877"}],"wp:attachment":[{"href":"https:\/\/catolicanet.net\/wp-cnet\/wp-json\/wp\/v2\/media?parent=48876"}],"wp:term":[{"taxonomy":"category","embeddable":true,"href":"https:\/\/catolicanet.net\/wp-cnet\/wp-json\/wp\/v2\/categories?post=48876"},{"taxonomy":"post_tag","embeddable":true,"href":"https:\/\/catolicanet.net\/wp-cnet\/wp-json\/wp\/v2\/tags?post=48876"}],"curies":[{"name":"wp","href":"https:\/\/api.w.org\/{rel}","templated":true}]}}