{"id":48873,"date":"2019-05-06T14:49:44","date_gmt":"2019-05-06T17:49:44","guid":{"rendered":"http:\/\/catolicanet.net\/wp-cnet\/?p=48873"},"modified":"2019-05-06T14:49:44","modified_gmt":"2019-05-06T17:49:44","slug":"lisboa-bispo-das-forcas-armadas-e-de-seguranca-invoca-cristaos-perseguidos-por-causa-da-sua-fe","status":"publish","type":"post","link":"https:\/\/catolicanet.net\/wp-cnet\/lisboa-bispo-das-forcas-armadas-e-de-seguranca-invoca-cristaos-perseguidos-por-causa-da-sua-fe\/","title":{"rendered":"Lisboa: Bispo das For\u00e7as Armadas e de Seguran\u00e7a invoca crist\u00e3os perseguidos por causa da sua f\u00e9"},"content":{"rendered":"<p>D. Rui Val\u00e9rio presidiu \u00e0 prociss\u00e3o de Nossa Senhora da Sa\u00fade,que remonta ao s\u00e9culo XVI<\/p>\n<p>Prociss\u00e3o de Nossa Senhora da Sa\u00fade<\/p>\n<p>O bispo das For\u00e7as Armadas e de Seguran\u00e7a presidiu este domingo \u00e0 prociss\u00e3o de Nossa Senhora da Sa\u00fade, que percorreu v\u00e1rias ruas de Lisboa, uma tradi\u00e7\u00e3o que remonta ao s\u00e9culo XVI, rezando pelos crist\u00e3os que sofrem persegui\u00e7\u00f5es.<\/p>\n<p>\u201cInvocamos Nossa Senhora da Sa\u00fade, pedindo-lhe o b\u00e1lsamo da consola\u00e7\u00e3o pelas irm\u00e3s e irm\u00e3os nossos que sofrem persegui\u00e7\u00e3o por causa da sua f\u00e9. Como nos tempos da igreja das catacumbas, tamb\u00e9m hoje os crist\u00e3os s\u00e3o os mais perseguidos por raz\u00f5es religiosas. Nossa Senhora da Sa\u00fade, n\u00e3o nos abandoneis, n\u00e3o abandoneis a Vossa Igreja que vos ama e em v\u00f3s confia; n\u00e3o a desampareis\u201d, disse D. Rui Val\u00e9rio, na sauda\u00e7\u00e3o conclusiva da celebra\u00e7\u00e3o, enviada \u00e0 Ag\u00eancia ECCLESIA.<\/p>\n<p>O respons\u00e1vel cat\u00f3lico considerou que esta prociss\u00e3o representa \u201cum maravilhoso testemunho de quanta humanidade e confian\u00e7a preside ao desempenho da sua miss\u00e3o de defender e proteger Portugal e os portugueses\u201d, recordando tamb\u00e9m os que est\u00e3o em miss\u00f5es no estrangeiro.<\/p>\n<p>Revela tamb\u00e9m at\u00e9 que ponto as nossas For\u00e7as Armadas e For\u00e7as de Seguran\u00e7a est\u00e3o dispostas a ir e o que est\u00e3o dispostas a fazer para garantir a defesa e a seguran\u00e7a dos cidad\u00e3os e de Portugal: se necess\u00e1rio for, est\u00e3o dispostas a solicitar aos C\u00e9us ajuda e prote\u00e7\u00e3o junto de V\u00f3s, Senhora da Sa\u00fade. Reconhe\u00e7amos, pois, o qu\u00e3o imensa \u00e9 a d\u00e1diva das nossas For\u00e7as Armadas e For\u00e7as de Seguran\u00e7a a Portugal e aos portugueses\u201d.<\/p>\n<p>A mais antiga prociss\u00e3o da capital remonta a 1570 e assinala o fim do surto de peste que assolou Lisboa; incorpora as imagens de S\u00e3o Jorge, Sant\u2019Ana, Santo Ant\u00f3nio, Santa B\u00e1rbara, S. Sebasti\u00e3o e de Nossa Senhora da Sa\u00fade.<\/p>\n<p>Esta manh\u00e3, D. Rui Val\u00e9rio presidiu \u00e0 Missa em honra de Nossa Senhora da Sa\u00fade, na igreja de S\u00e3o Domingos, onde lembrou os \u201cheroicos artilheiros que, no fat\u00eddico ano de 1570, ousaram elevar alto o seu olhar, n\u00e3o cederam \u00e0 tenta\u00e7\u00e3o do des\u00e2nimo que a for\u00e7a devastadora da peste incutia, mas subiram ao elevado n\u00edvel da confian\u00e7a e suplicaram \u00e0 Senhora da Sa\u00fade que protegesse e salvasse Lisboa, porto de abrigo, mas sobretudo porto de partida de tantos mission\u00e1rios pelas estradas do mundo\u201d.<\/p>\n<p>\u201cNossa Senhora, protegei-nos, contra a mesquinhez. Ajudai-nos a assumir os crit\u00e9rios e as medidas de Deus para construir um mundo \u00e0 sua imagem e semelhan\u00e7a\u201d, disse, na homilia enviada \u00e0 Ag\u00eancia ECCLESIA.<\/p>\n","protected":false},"excerpt":{"rendered":"<p>D. Rui Val\u00e9rio presidiu \u00e0 prociss\u00e3o de Nossa Senhora da Sa\u00fade,que remonta ao s\u00e9culo XVI Prociss\u00e3o de Nossa Senhora da Sa\u00fade O bispo das For\u00e7as Armadas e de Seguran\u00e7a presidiu este domingo \u00e0 prociss\u00e3o de Nossa Senhora da Sa\u00fade, que percorreu v\u00e1rias ruas de Lisboa, uma tradi\u00e7\u00e3o que remonta ao s\u00e9culo XVI, rezando pelos crist\u00e3os [&hellip;]<\/p>\n","protected":false},"author":1,"featured_media":48874,"comment_status":"open","ping_status":"closed","sticky":false,"template":"","format":"standard","meta":{"footnotes":""},"categories":[4],"tags":[],"class_list":["post-48873","post","type-post","status-publish","format-standard","has-post-thumbnail","hentry","category-cotidiano"],"_links":{"self":[{"href":"https:\/\/catolicanet.net\/wp-cnet\/wp-json\/wp\/v2\/posts\/48873","targetHints":{"allow":["GET"]}}],"collection":[{"href":"https:\/\/catolicanet.net\/wp-cnet\/wp-json\/wp\/v2\/posts"}],"about":[{"href":"https:\/\/catolicanet.net\/wp-cnet\/wp-json\/wp\/v2\/types\/post"}],"author":[{"embeddable":true,"href":"https:\/\/catolicanet.net\/wp-cnet\/wp-json\/wp\/v2\/users\/1"}],"replies":[{"embeddable":true,"href":"https:\/\/catolicanet.net\/wp-cnet\/wp-json\/wp\/v2\/comments?post=48873"}],"version-history":[{"count":1,"href":"https:\/\/catolicanet.net\/wp-cnet\/wp-json\/wp\/v2\/posts\/48873\/revisions"}],"predecessor-version":[{"id":48875,"href":"https:\/\/catolicanet.net\/wp-cnet\/wp-json\/wp\/v2\/posts\/48873\/revisions\/48875"}],"wp:featuredmedia":[{"embeddable":true,"href":"https:\/\/catolicanet.net\/wp-cnet\/wp-json\/wp\/v2\/media\/48874"}],"wp:attachment":[{"href":"https:\/\/catolicanet.net\/wp-cnet\/wp-json\/wp\/v2\/media?parent=48873"}],"wp:term":[{"taxonomy":"category","embeddable":true,"href":"https:\/\/catolicanet.net\/wp-cnet\/wp-json\/wp\/v2\/categories?post=48873"},{"taxonomy":"post_tag","embeddable":true,"href":"https:\/\/catolicanet.net\/wp-cnet\/wp-json\/wp\/v2\/tags?post=48873"}],"curies":[{"name":"wp","href":"https:\/\/api.w.org\/{rel}","templated":true}]}}