{"id":4886,"date":"2014-07-22T03:00:00","date_gmt":"2014-07-22T06:00:00","guid":{"rendered":"http:\/\/catolicanet.net\/wp-cnet\/um-francisco-consternado-e-dolorido\/"},"modified":"2017-04-06T10:15:44","modified_gmt":"2017-04-06T13:15:44","slug":"um-francisco-consternado-e-dolorido","status":"publish","type":"post","link":"https:\/\/catolicanet.net\/wp-cnet\/um-francisco-consternado-e-dolorido\/","title":{"rendered":"Um Francisco consternado e dolorido"},"content":{"rendered":"<p style=\"text-align: justify;\">Com Veem\u00eancia, alhures, j\u00e1 falei repetidas vezes de uma Igreja portadora da esperan\u00e7a, que muito fala da esperan\u00e7a, como sua raz\u00e3o de ser, de existir e seu sonho superior aos demais, mas que n\u00e3o proporcionava a suficiente esperan\u00e7a (cf. Hans K\u00fcng, Celebra\u00e7\u00e3o do Culto Divino). Tamb\u00e9m n\u00e3o me esqueci de falar da nossa confian\u00e7a que \u00e9 enorme, sobretudo, ao refletirmos sobre a par\u00e1bola do pai misericordioso (Lc 15, 11-32), porque temos um papa totalmente identificado com o pai da passagem do referido Evangelho (o filho pr\u00f3digo), no seu amor infinito e acolhedor, que soube compadecer-se da mis\u00e9ria do filho mais novo, num gesto extraordin\u00e1rio de compaix\u00e3o e generosidade.<\/p>\n<p>O Planeta alegremente contemplado, no sentido de que os crist\u00e3os sejam estimulados e fomentados a um grande compromisso de dialogar e cuidar da cria\u00e7\u00e3o, nas suas mais diversas realidades. O mundo precisando carinhosamente de pr\u00e1ticas ecol\u00f3gicas e ambientais, para que a f\u00e9 da humanidade possa se tornar cada vez mais viva, l\u00facida e coerente com aquilo em que acredita. Da\u00ed um Francisco consternado e profundamente sofrido diante do desastre com o avi\u00e3o da Malaysian Airlines no leste da Ucr\u00e2nia, regi\u00e3o marcada por fortes tens\u00f5es, elevando suas ora\u00e7\u00f5es pelas numerosas v\u00edtimas e pelos seus familiares, renovando \u00e0s partes em conflito o sincero apelo pela paz e por um compromisso para que se encontrem solu\u00e7\u00f5es de di\u00e1logo, com a finalidade de evitar ulteriores perdas de vidas humanas inocentes.<\/p>\n<p>Vem logo na minha mente a imagem da Piet\u00e1, na qual contemplamos as dores da Virgem Maria, com as m\u00e3os ensanguentadas, quando o Filho de Deus, naquele supremo epis\u00f3dio doloroso, depois da morte na cruz, retratados por Michelangelo, naquele tema emblem\u00e1tico da arte crist\u00e3. Por ocasi\u00e3o da Semana Santa, somos mais de perto convidados a estarmos sempre pr\u00f3ximos da Virgem Dolorosa, sentimento este vivido intensamente, neste momento, pelo Papa Francisco. As sete dores por ela sentidas, dores imensas, profundas e inigual\u00e1veis, representam as dores da humanidade, na for\u00e7a de uma inef\u00e1vel simbologia.<\/p>\n<p>Entristecidos e, ao mesmo tempo Esperan\u00e7osos, contamos com um papa capaz de tomar para si e compreender a humanidade, representada pelo filho mais novo que deixou seu pai querido, numa aventura de assumir e administrar sua pr\u00f3pria vida e seus bens. Igualmente, numa pedagogia marcada pela miseric\u00f3rdia, que saiba ir ao encontro do filho mais velho, que representa a mesma humanidade, com um cora\u00e7\u00e3o empedernido, para falar-lhe da necessidade da miseric\u00f3rdia e da convers\u00e3o do cora\u00e7\u00e3o diante da dor, da mis\u00e9ria e do sofrimento humano, exigindo-lhe amor, compaix\u00e3o e solidariedade.<\/p>\n<p>O Santo Padre carrega consigo, no mais \u00edntimo do seu interior e, n\u00e3o tenho nenhum medo de me enganar, o pensamento do grande educador e pensador Rubem Alves, nesta assertiva: &#8220;Eu achava que religi\u00e3o n\u00e3o era para garantir o c\u00e9u, depois da morte, mas para tornar esse mundo melhor, enquanto estamos vivos\u201d.<\/p>\n","protected":false},"excerpt":{"rendered":"<p>Com Veem\u00eancia, alhures, j\u00e1 falei repetidas vezes de uma Igreja portadora da esperan\u00e7a, que muito fala da esperan\u00e7a, como sua raz\u00e3o de ser, de existir e seu sonho superior aos demais, mas que n\u00e3o proporcionava a suficiente esperan\u00e7a (cf. Hans K\u00fcng, Celebra\u00e7\u00e3o do Culto Divino). Tamb\u00e9m n\u00e3o me esqueci de falar da nossa confian\u00e7a que [&hellip;]<\/p>\n","protected":false},"author":6,"featured_media":0,"comment_status":"closed","ping_status":"closed","sticky":false,"template":"","format":"standard","meta":{"footnotes":""},"categories":[9],"tags":[],"class_list":["post-4886","post","type-post","status-publish","format-standard","hentry","category-artigos"],"_links":{"self":[{"href":"https:\/\/catolicanet.net\/wp-cnet\/wp-json\/wp\/v2\/posts\/4886","targetHints":{"allow":["GET"]}}],"collection":[{"href":"https:\/\/catolicanet.net\/wp-cnet\/wp-json\/wp\/v2\/posts"}],"about":[{"href":"https:\/\/catolicanet.net\/wp-cnet\/wp-json\/wp\/v2\/types\/post"}],"author":[{"embeddable":true,"href":"https:\/\/catolicanet.net\/wp-cnet\/wp-json\/wp\/v2\/users\/6"}],"replies":[{"embeddable":true,"href":"https:\/\/catolicanet.net\/wp-cnet\/wp-json\/wp\/v2\/comments?post=4886"}],"version-history":[{"count":1,"href":"https:\/\/catolicanet.net\/wp-cnet\/wp-json\/wp\/v2\/posts\/4886\/revisions"}],"predecessor-version":[{"id":9773,"href":"https:\/\/catolicanet.net\/wp-cnet\/wp-json\/wp\/v2\/posts\/4886\/revisions\/9773"}],"wp:attachment":[{"href":"https:\/\/catolicanet.net\/wp-cnet\/wp-json\/wp\/v2\/media?parent=4886"}],"wp:term":[{"taxonomy":"category","embeddable":true,"href":"https:\/\/catolicanet.net\/wp-cnet\/wp-json\/wp\/v2\/categories?post=4886"},{"taxonomy":"post_tag","embeddable":true,"href":"https:\/\/catolicanet.net\/wp-cnet\/wp-json\/wp\/v2\/tags?post=4886"}],"curies":[{"name":"wp","href":"https:\/\/api.w.org\/{rel}","templated":true}]}}