{"id":48845,"date":"2019-05-06T11:24:34","date_gmt":"2019-05-06T14:24:34","guid":{"rendered":"http:\/\/catolicanet.net\/wp-cnet\/?p=48845"},"modified":"2019-05-06T11:24:34","modified_gmt":"2019-05-06T14:24:34","slug":"pastor-e-ovelhas","status":"publish","type":"post","link":"https:\/\/catolicanet.net\/wp-cnet\/pastor-e-ovelhas\/","title":{"rendered":"Pastor e ovelhas"},"content":{"rendered":"<p>A ideia do pastoreio acompanha a hist\u00f3ria do povo de Deus. Jesus usa a imagem do pastor e das ovelhas quando fala do Reino de Deus. Ele faz compara\u00e7\u00f5es tiradas do mundo rural e agr\u00e1rio para explicar, de forma simples, a sua proposta de a\u00e7\u00e3o. Olha para o campo como ambiente de trabalho, de cuidado com a obra da cria\u00e7\u00e3o e espa\u00e7o onde as pessoas colocam em a\u00e7\u00e3o seus pr\u00f3prios dons.<\/p>\n<p>Para o bom andamento das coisas, \u00e9 fundamental que o pastor tenha uma identidade exemplar e de testemunho aut\u00eantico de vida. S\u00f3 assim vai conseguir atrair as ovelhas para o seu rebanho e elas v\u00e3o segui-lo. Ele n\u00e3o vai atr\u00e1s tocando as ovelhas, mas \u00e0 frente, e elas o acompanham para onde for. N\u00e3o bastam as palavras, porque s\u00e3o os exemplos que conseguem arrastar e convencer.<\/p>\n<p>Essa din\u00e2mica usada por Jesus deve ser aplicada tamb\u00e9m na sociedade geral. Ela toca o mundo da administra\u00e7\u00e3o, seja p\u00fablica como eclesial. Presenciamos m\u00e1s administra\u00e7\u00f5es nas diversas realidades da cultura moderna. Existe at\u00e9 uma impress\u00e3o ruim levando-nos a pensar que administrar mal \u00e9 cultural e n\u00e3o tem como ser diferente. Temos que nos convencer que n\u00e3o pode ser verdade.<\/p>\n<p>Jesus, como Bom Pastor, veio mudar o cen\u00e1rio do mundo, quando Ele fala da responsabilidade de quem administra. Se sua pr\u00e1tica n\u00e3o estiver montada na justi\u00e7a e na honestidade, como \u201ccarros chefes\u201d da a\u00e7\u00e3o, as consequ\u00eancias n\u00e3o ser\u00e3o positivas. Certamente haver\u00e1 privil\u00e9gios para algu\u00e9m ou para pequeno grupo, e sofrimento para a maioria dos atingidos por essa administra\u00e7\u00e3o.<\/p>\n<p>A harmonia na administra\u00e7\u00e3o torna-se saud\u00e1vel quando o administrador tamb\u00e9m participa de alguma forma das condi\u00e7\u00f5es dos administrados. Os privil\u00e9gios dos pastores, dos pol\u00edticos e dos diversos administradores, causam insatisfa\u00e7\u00e3o e revolta nas ovelhas. Essa situa\u00e7\u00e3o \u00e9 muito grave no Brasil, porque os privil\u00e9gios s\u00e3o t\u00e3o alarmantes que causam indigna\u00e7\u00e3o na popula\u00e7\u00e3o.<\/p>\n<p>Interessante que as ovelhas escutam a voz do pastor. \u00c9 a partir da\u00ed que elas passam a segui-lo, porque ficam convencidas da necessidade de sua autoridade. Mas o pastor tamb\u00e9m tem grande responsabilidade em conhecer, acolher, cuidar e ajudar as ovelhas nas suas necessidades. Esse \u00e9 o verdadeiro papel de todos aqueles que est\u00e3o munidos de autoridade em uma Na\u00e7\u00e3o.<\/p>\n","protected":false},"excerpt":{"rendered":"<p>A ideia do pastoreio acompanha a hist\u00f3ria do povo de Deus. Jesus usa a imagem do pastor e das ovelhas quando fala do Reino de Deus. Ele faz compara\u00e7\u00f5es tiradas do mundo rural e agr\u00e1rio para explicar, de forma simples, a sua proposta de a\u00e7\u00e3o. Olha para o campo como ambiente de trabalho, de cuidado [&hellip;]<\/p>\n","protected":false},"author":11,"featured_media":32781,"comment_status":"open","ping_status":"closed","sticky":false,"template":"","format":"standard","meta":{"footnotes":""},"categories":[9],"tags":[],"class_list":["post-48845","post","type-post","status-publish","format-standard","has-post-thumbnail","hentry","category-artigos"],"_links":{"self":[{"href":"https:\/\/catolicanet.net\/wp-cnet\/wp-json\/wp\/v2\/posts\/48845","targetHints":{"allow":["GET"]}}],"collection":[{"href":"https:\/\/catolicanet.net\/wp-cnet\/wp-json\/wp\/v2\/posts"}],"about":[{"href":"https:\/\/catolicanet.net\/wp-cnet\/wp-json\/wp\/v2\/types\/post"}],"author":[{"embeddable":true,"href":"https:\/\/catolicanet.net\/wp-cnet\/wp-json\/wp\/v2\/users\/11"}],"replies":[{"embeddable":true,"href":"https:\/\/catolicanet.net\/wp-cnet\/wp-json\/wp\/v2\/comments?post=48845"}],"version-history":[{"count":1,"href":"https:\/\/catolicanet.net\/wp-cnet\/wp-json\/wp\/v2\/posts\/48845\/revisions"}],"predecessor-version":[{"id":48846,"href":"https:\/\/catolicanet.net\/wp-cnet\/wp-json\/wp\/v2\/posts\/48845\/revisions\/48846"}],"wp:featuredmedia":[{"embeddable":true,"href":"https:\/\/catolicanet.net\/wp-cnet\/wp-json\/wp\/v2\/media\/32781"}],"wp:attachment":[{"href":"https:\/\/catolicanet.net\/wp-cnet\/wp-json\/wp\/v2\/media?parent=48845"}],"wp:term":[{"taxonomy":"category","embeddable":true,"href":"https:\/\/catolicanet.net\/wp-cnet\/wp-json\/wp\/v2\/categories?post=48845"},{"taxonomy":"post_tag","embeddable":true,"href":"https:\/\/catolicanet.net\/wp-cnet\/wp-json\/wp\/v2\/tags?post=48845"}],"curies":[{"name":"wp","href":"https:\/\/api.w.org\/{rel}","templated":true}]}}