{"id":4880,"date":"2014-07-24T03:00:00","date_gmt":"2014-07-24T06:00:00","guid":{"rendered":"http:\/\/catolicanet.net\/wp-cnet\/papa-francisco-encontra-sudanesa-meriam-condenada-a-morte-por-ser-crista\/"},"modified":"2017-04-06T10:16:14","modified_gmt":"2017-04-06T13:16:14","slug":"papa-francisco-encontra-sudanesa-meriam-condenada-a-morte-por-ser-crista","status":"publish","type":"post","link":"https:\/\/catolicanet.net\/wp-cnet\/papa-francisco-encontra-sudanesa-meriam-condenada-a-morte-por-ser-crista\/","title":{"rendered":"Papa Francisco encontra sudanesa Meriam condenada \u00e0 morte por ser crist\u00e3"},"content":{"rendered":"<p style=\"text-align: justify;\"><img decoding=\"async\" src=\"http:\/\/catolicanet.com.br\/images\/stories\/papas\/papafranciscoesudanesa.jpg\" border=\"0\" align=\"left\" \/>O Papa Francisco recebeu nesta quinta-feira, 24 de julho, na Casa Santa Marta, Meriam Yahia Ibrahim Ishag, jovem sudanesa de 26 anos condenada \u00e0 morte em maio, no Sud\u00e3o, por ter se casado com um crist\u00e3o e &#8211; aos olhos da lei isl\u00e2mica &#8211; ter se &#8220;convertido&#8221; ao cristianismo.<\/p>\n<p>Na verdade, Meriam, que cresceu com a m\u00e3e crist\u00e3, nunca praticou o Isl\u00e3. Apesar disso, a senten\u00e7a se baseou na lei isl\u00e2mica vigente no Sud\u00e3o desde 1983, que pro\u00edbe as convers\u00f5es, e suscitou uma onda de indigna\u00e7\u00e3o mundial.<\/p>\n<p>No encontro com Francisco, Meriam estava acompanhada de seu marido Daniel Wani, que tamb\u00e9m \u00e9 cidad\u00e3o estadunidense, e seus dois filhos, Martin de um ano e meio, e Maya, de apenas dois meses, que nasceu na pris\u00e3o.<\/p>\n<p>A fam\u00edlia chegou, ao Vaticano, acompanhada pelo vice-ministro das Rela\u00e7\u00f5es Exteriores da It\u00e1lia, Lapo Pistelli, que mediou o acordo para trazer Meriam e sua fam\u00edlia \u00e0 It\u00e1lia, de onde partir\u00e3o agora para os Estados Unidos.<\/p>\n<p>O encontro com o Pont\u00edfice durou pouco menos de meia hora e se realizou num clima sereno e afetuoso. O Papa agradeceu a Meriam e sua fam\u00edlia pelo testemunho corajoso de const\u00e2ncia na f\u00e9. Meriam agradeceu ao Santo Padre pelo apoio e conforto recebido por meio de sua ora\u00e7\u00e3o e de tantas outras pessoas de boa vontade.<\/p>\n<p>O Papa saudou tamb\u00e9m os italianos que acompanham a fam\u00edlia de Meriam durante sua estada na It\u00e1lia.<\/p>\n<p>Ao receber Meriam e sua fam\u00edlia, Francisco manifestou sua proximidade, aten\u00e7\u00e3o e ora\u00e7\u00e3o tamb\u00e9m por todos aqueles que sofrem por causa de sua f\u00e9 e pelos crist\u00e3os que sofrem persegui\u00e7\u00f5es ou limita\u00e7\u00f5es impostas \u00e0 liberdade religiosa.<\/p>\n<p><strong>Fonte:<\/strong> R\u00e1dio Vaticano<br \/><strong>Local:<\/strong> Cidade do Vaticano<\/p>\n","protected":false},"excerpt":{"rendered":"<p>O Papa Francisco recebeu nesta quinta-feira, 24 de julho, na Casa Santa Marta, Meriam Yahia Ibrahim Ishag, jovem sudanesa de 26 anos condenada \u00e0 morte em maio, no Sud\u00e3o, por ter se casado com um crist\u00e3o e &#8211; aos olhos da lei isl\u00e2mica &#8211; ter se &#8220;convertido&#8221; ao cristianismo. Na verdade, Meriam, que cresceu com [&hellip;]<\/p>\n","protected":false},"author":1,"featured_media":0,"comment_status":"closed","ping_status":"closed","sticky":false,"template":"","format":"standard","meta":{"footnotes":""},"categories":[3],"tags":[],"class_list":["post-4880","post","type-post","status-publish","format-standard","hentry","category-vaticano"],"_links":{"self":[{"href":"https:\/\/catolicanet.net\/wp-cnet\/wp-json\/wp\/v2\/posts\/4880","targetHints":{"allow":["GET"]}}],"collection":[{"href":"https:\/\/catolicanet.net\/wp-cnet\/wp-json\/wp\/v2\/posts"}],"about":[{"href":"https:\/\/catolicanet.net\/wp-cnet\/wp-json\/wp\/v2\/types\/post"}],"author":[{"embeddable":true,"href":"https:\/\/catolicanet.net\/wp-cnet\/wp-json\/wp\/v2\/users\/1"}],"replies":[{"embeddable":true,"href":"https:\/\/catolicanet.net\/wp-cnet\/wp-json\/wp\/v2\/comments?post=4880"}],"version-history":[{"count":1,"href":"https:\/\/catolicanet.net\/wp-cnet\/wp-json\/wp\/v2\/posts\/4880\/revisions"}],"predecessor-version":[{"id":9774,"href":"https:\/\/catolicanet.net\/wp-cnet\/wp-json\/wp\/v2\/posts\/4880\/revisions\/9774"}],"wp:attachment":[{"href":"https:\/\/catolicanet.net\/wp-cnet\/wp-json\/wp\/v2\/media?parent=4880"}],"wp:term":[{"taxonomy":"category","embeddable":true,"href":"https:\/\/catolicanet.net\/wp-cnet\/wp-json\/wp\/v2\/categories?post=4880"},{"taxonomy":"post_tag","embeddable":true,"href":"https:\/\/catolicanet.net\/wp-cnet\/wp-json\/wp\/v2\/tags?post=4880"}],"curies":[{"name":"wp","href":"https:\/\/api.w.org\/{rel}","templated":true}]}}