{"id":48782,"date":"2019-05-02T11:33:00","date_gmt":"2019-05-02T14:33:00","guid":{"rendered":"http:\/\/catolicanet.net\/wp-cnet\/?p=48782"},"modified":"2019-05-02T11:33:00","modified_gmt":"2019-05-02T14:33:00","slug":"mae-preferiu-enfrentar-o-cancer-em-vez-de-abortar-sua-filha-e-hoje-agradece-por-sua-decisao","status":"publish","type":"post","link":"https:\/\/catolicanet.net\/wp-cnet\/mae-preferiu-enfrentar-o-cancer-em-vez-de-abortar-sua-filha-e-hoje-agradece-por-sua-decisao\/","title":{"rendered":"M\u00e3e preferiu enfrentar o c\u00e2ncer em vez de abortar sua filha e hoje agradece por sua decis\u00e3o"},"content":{"rendered":"<p>H\u00e1 mais de 10 anos, Sarah Wickline Hull foi diagnosticada com c\u00e2ncer durante a sua gravidez, embora os m\u00e9dicos tenham pressionado para que ela abortasse, preferiu arriscar a sua vida a perder sua filha pequena. Hoje, mais do que nunca, agradece por sua decis\u00e3o.<\/p>\n<p>Sarah, de 40 anos, n\u00e3o tem mais c\u00e2ncer e sua filha, de 10 anos, \u00e9 uma menina feliz e saud\u00e1vel. Atualmente mora com o marido Patrick Hull e suas duas filhas em Louisiana (Estados Unidos).<\/p>\n<p>Em entrevista concedida ao Grupo ACI, Sarah contou que teve um &#8220;linfoma anapl\u00e1sico de grandes c\u00e9lulas&#8221;, um tipo de linfoma n\u00e3o Hodgkin pouco frequente e agressivo, que afeta os g\u00e2nglios linf\u00e1ticos e regi\u00f5es extraganglionares como ossos, medula \u00f3ssea, tecido subcut\u00e2neo, pulm\u00f5es, ba\u00e7o e f\u00edgado.<\/p>\n<p>&#8220;Eu estava gr\u00e1vida e n\u00e3o conseguia respirar. Ach\u00e1vamos que era bronquite ou pneumonia, mas acabou sendo um linfoma n\u00e3o Hodgkin. Eu n\u00e3o podia acreditar porque era meu primeiro filho. Eu estava muito assustada por mim e pelo beb\u00ea&#8221;, disse.<\/p>\n<p>Sarah conta que \u00e9 convertida ao catolicismo e que sua f\u00e9 a ajudou a seguir em frente e encarar os momentos mais dif\u00edceis.<\/p>\n<p>&#8220;Minha convers\u00e3o foi em 2007 e eu fui diagnosticada com c\u00e2ncer em 2008. Se eu n\u00e3o tivesse f\u00e9, n\u00e3o sei como conseguiria passar por tudo isso, especialmente por causa dos ensinamentos da Igreja sobre o sofrimento: saber oferec\u00ea-lo pelos demais\u201d, explicou.<\/p>\n<p>Em janeiro de 2019, a m\u00e3e cat\u00f3lica decidiu compartilhar sua hist\u00f3ria para o mundo atrav\u00e9s do Facebook, quando o debate sobre o aborto tardio estourou novamente nos Estados Unidos, precisamente, depois que o Senado de Nova York aprovou esta pr\u00e1tica durante toda a gesta\u00e7\u00e3o.<\/p>\n<p>&#8220;As pessoas est\u00e3o falando sobre a necessidade m\u00e9dica do aborto para salvar a vida da m\u00e3e. Eu era uma dessas m\u00e3es&#8221;, escreveu.<\/p>\n<p>Sarah lutou contra a infertilidade durante anos antes de engravidar de sua filha. Mas depois de conseguir, quando ela estava gr\u00e1vida de 20 semanas, foi diagnosticada com a doen\u00e7a.<\/p>\n<p>&#8220;Nunca vou esquecer quando o primeiro m\u00e9dico, um oncologista, mencionou o aborto&#8221;, disse.<\/p>\n<p>Imediatamente rejeitou a ideia de abortar e afirmou que &#8220;preferiria morrer e dar \u00e0 luz&#8221;.<\/p>\n<p>Um segundo m\u00e9dico tamb\u00e9m pediu que ela considerasse o aborto depois de listar uma s\u00e9rie de problemas que seu beb\u00ea poderia ter.<\/p>\n<p>&#8220;Eu permaneci firme e me neguei. Ele disse: &#8216;Tudo bem. O beb\u00ea provavelmente ser\u00e1 abortado espontaneamente de qualquer maneira\u2019&#8221;, recordou.<\/p>\n<p>Mais tarde, depois de procurar uma terceira opini\u00e3o m\u00e9dica, Sarah encontrou um m\u00e9dico que conhecia casos semelhantes e que tinha conhecimento do alto \u00edndice de beb\u00eas que sobrevivem a tratamentos de quimioterapia.<\/p>\n<p>&#8220;Foi dif\u00edcil conseguir um obstetra por causa da minha doen\u00e7a e da gravidez. Mas eu encontrei um que tinha visto um caso semelhante ao meu. Eu passei por diferentes desafios, mas Deus colocou as pessoas certas na hora certa&#8221;, disse Sarah ao Grupo ACI.<\/p>\n<p>Com tudo isso, contou que sua recupera\u00e7\u00e3o levou cerca de um ano e que a sua pequena filha nasceu com 34 semanas de gesta\u00e7\u00e3o (8 meses e meio) durante o tratamento de quimioterapia.<\/p>\n<p>&#8220;Tinham que ter muito cuidado, porque alguns medicamentos eram vi\u00e1veis e outros n\u00e3o. Cada vez que tinha uma quimio, rezava a Nossa Senhora de Guadalupe, diante de sua imagem. Pedia que pegasse meu beb\u00ea e o protegesse\u201d.<\/p>\n<p>Sarah narra que o seu marido a acompanhou em cada uma de suas quimioterapias e que sua m\u00e3e cuidava dela em per\u00edodo integral.<\/p>\n<p>&#8220;Ainda continuo doente. Meu sistema imunol\u00f3gico n\u00e3o funciona corretamente e eu n\u00e3o posso sair muito, mas no final, o c\u00e2ncer foi uma b\u00ean\u00e7\u00e3o. Mudou minhas prioridades, meus pensamentos e agora sei que a coisa mais importante que posso dar aos meus filhos \u00e9 a f\u00e9 e sou grata por todo o tempo que tenho para cumprir isso\u201d, acrescenta.<\/p>\n<p>Sarah espera que, no futuro, os m\u00e9dicos sejam mais preparados para casos como o seu.<\/p>\n<p>&#8220;Se mais m\u00e9dicos estivessem preparados para saber que \u00e9 poss\u00edvel que um beb\u00ea esteja bem, mesmo em doen\u00e7as terr\u00edveis como o c\u00e2ncer, mais pessoas tentariam. H\u00e1 muitas mulheres com quem tenho tido contato e h\u00e1 uma organiza\u00e7\u00e3o sem fins lucrativos maravilhosa chamada Hope for Two\u201d, conclui.<\/p>\n<p>Hope for Two oferece suporte gratuito para mulheres diagnosticadas com c\u00e2ncer durante a gravidez. Conecta m\u00e3es gr\u00e1vidas que t\u00eam c\u00e2ncer com outras mulheres que tiveram um diagn\u00f3stico semelhante e fornece informa\u00e7\u00f5es, apoio e esperan\u00e7a.<\/p>\n<p>Em 2012, uma cole\u00e7\u00e3o de estudos e dados m\u00e9dicos do \u2018The Lancet\u2019, uma importante revista m\u00e9dica brit\u00e2nica, apontou que as mulheres gr\u00e1vidas n\u00e3o precisam de um aborto para receber tratamento para o c\u00e2ncer.<\/p>\n<p>Segundo esta fonte, o tratamento com quimioterapia n\u00e3o prejudica o feto e as m\u00e3es podem ser tratadas sem se preocuparem com os efeitos.<\/p>\n<p>Da mesma forma, um estudo de 2015 publicado por \u2018New England Journal of Medicine\u2019 descobriu que a quimioterapia n\u00e3o pode afetar o desenvolvimento geral do feto.<\/p>\n","protected":false},"excerpt":{"rendered":"<p>H\u00e1 mais de 10 anos, Sarah Wickline Hull foi diagnosticada com c\u00e2ncer durante a sua gravidez, embora os m\u00e9dicos tenham pressionado para que ela abortasse, preferiu arriscar a sua vida a perder sua filha pequena. Hoje, mais do que nunca, agradece por sua decis\u00e3o. Sarah, de 40 anos, n\u00e3o tem mais c\u00e2ncer e sua filha, [&hellip;]<\/p>\n","protected":false},"author":1,"featured_media":48783,"comment_status":"open","ping_status":"closed","sticky":false,"template":"","format":"standard","meta":{"footnotes":""},"categories":[4],"tags":[],"class_list":["post-48782","post","type-post","status-publish","format-standard","has-post-thumbnail","hentry","category-cotidiano"],"_links":{"self":[{"href":"https:\/\/catolicanet.net\/wp-cnet\/wp-json\/wp\/v2\/posts\/48782","targetHints":{"allow":["GET"]}}],"collection":[{"href":"https:\/\/catolicanet.net\/wp-cnet\/wp-json\/wp\/v2\/posts"}],"about":[{"href":"https:\/\/catolicanet.net\/wp-cnet\/wp-json\/wp\/v2\/types\/post"}],"author":[{"embeddable":true,"href":"https:\/\/catolicanet.net\/wp-cnet\/wp-json\/wp\/v2\/users\/1"}],"replies":[{"embeddable":true,"href":"https:\/\/catolicanet.net\/wp-cnet\/wp-json\/wp\/v2\/comments?post=48782"}],"version-history":[{"count":1,"href":"https:\/\/catolicanet.net\/wp-cnet\/wp-json\/wp\/v2\/posts\/48782\/revisions"}],"predecessor-version":[{"id":48784,"href":"https:\/\/catolicanet.net\/wp-cnet\/wp-json\/wp\/v2\/posts\/48782\/revisions\/48784"}],"wp:featuredmedia":[{"embeddable":true,"href":"https:\/\/catolicanet.net\/wp-cnet\/wp-json\/wp\/v2\/media\/48783"}],"wp:attachment":[{"href":"https:\/\/catolicanet.net\/wp-cnet\/wp-json\/wp\/v2\/media?parent=48782"}],"wp:term":[{"taxonomy":"category","embeddable":true,"href":"https:\/\/catolicanet.net\/wp-cnet\/wp-json\/wp\/v2\/categories?post=48782"},{"taxonomy":"post_tag","embeddable":true,"href":"https:\/\/catolicanet.net\/wp-cnet\/wp-json\/wp\/v2\/tags?post=48782"}],"curies":[{"name":"wp","href":"https:\/\/api.w.org\/{rel}","templated":true}]}}