{"id":4877,"date":"2014-07-18T16:31:15","date_gmt":"2014-07-18T19:31:15","guid":{"rendered":"http:\/\/catolicanet.net\/wp-cnet\/missao-continental-qfrutos-da-evangelizacao-manifestam-se-mediante-vidas-salvasq-conclusoes-do-bispo-de-penedo-al\/"},"modified":"2017-04-06T10:12:55","modified_gmt":"2017-04-06T13:12:55","slug":"missao-continental-qfrutos-da-evangelizacao-manifestam-se-mediante-vidas-salvasq-conclusoes-do-bispo-de-penedo-al","status":"publish","type":"post","link":"https:\/\/catolicanet.net\/wp-cnet\/missao-continental-qfrutos-da-evangelizacao-manifestam-se-mediante-vidas-salvasq-conclusoes-do-bispo-de-penedo-al\/","title":{"rendered":"Miss\u00e3o Continental \u2013 &#8220;Frutos da evangeliza\u00e7\u00e3o manifestam-se mediante vidas salvas&#8221;: conclus\u00f5es do Bispo de Penedo \u2013 AL"},"content":{"rendered":"<p style=\"text-align: justify;\"><img decoding=\"async\" src=\"http:\/\/catolicanet.com.br\/images\/stories\/aparecidaigreja.png\" border=\"0\" align=\"left\" \/>Amigo ouvinte, conclu\u00edmos hoje no quadro &#8220;O Brasil na Miss\u00e3o Continental&#8221; a participa\u00e7\u00e3o do bispo de Penedo \u2013 AL \u2013 Dom Val\u00e9rio Breda, S.D.B., a quem agradecemos pela preciosa e enriquecedora contribui\u00e7\u00e3o destes dias neste espa\u00e7o de forma\u00e7\u00e3o e aprofundamento do nosso programa.<\/p>\n<p>O bispo da diocese alagoana tem destacado o papel relevante dos jovens qual protagonistas da &#8220;Miss\u00e3o Continental&#8221; na realidade eclesial desta Igreja particular. Ou\u00e7amos, a esse prop\u00f3sito, suas considera\u00e7\u00f5es finais:<\/p>\n<p>Fonte: R\u00e1dio Vaticano<br \/>Local: Cidade do Vaticano<\/p>\n","protected":false},"excerpt":{"rendered":"<p>Amigo ouvinte, conclu\u00edmos hoje no quadro &#8220;O Brasil na Miss\u00e3o Continental&#8221; a participa\u00e7\u00e3o do bispo de Penedo \u2013 AL \u2013 Dom Val\u00e9rio Breda, S.D.B., a quem agradecemos pela preciosa e enriquecedora contribui\u00e7\u00e3o destes dias neste espa\u00e7o de forma\u00e7\u00e3o e aprofundamento do nosso programa. O bispo da diocese alagoana tem destacado o papel relevante dos jovens [&hellip;]<\/p>\n","protected":false},"author":1,"featured_media":0,"comment_status":"closed","ping_status":"closed","sticky":false,"template":"","format":"standard","meta":{"footnotes":""},"categories":[4],"tags":[],"class_list":["post-4877","post","type-post","status-publish","format-standard","hentry","category-cotidiano"],"_links":{"self":[{"href":"https:\/\/catolicanet.net\/wp-cnet\/wp-json\/wp\/v2\/posts\/4877","targetHints":{"allow":["GET"]}}],"collection":[{"href":"https:\/\/catolicanet.net\/wp-cnet\/wp-json\/wp\/v2\/posts"}],"about":[{"href":"https:\/\/catolicanet.net\/wp-cnet\/wp-json\/wp\/v2\/types\/post"}],"author":[{"embeddable":true,"href":"https:\/\/catolicanet.net\/wp-cnet\/wp-json\/wp\/v2\/users\/1"}],"replies":[{"embeddable":true,"href":"https:\/\/catolicanet.net\/wp-cnet\/wp-json\/wp\/v2\/comments?post=4877"}],"version-history":[{"count":1,"href":"https:\/\/catolicanet.net\/wp-cnet\/wp-json\/wp\/v2\/posts\/4877\/revisions"}],"predecessor-version":[{"id":9770,"href":"https:\/\/catolicanet.net\/wp-cnet\/wp-json\/wp\/v2\/posts\/4877\/revisions\/9770"}],"wp:attachment":[{"href":"https:\/\/catolicanet.net\/wp-cnet\/wp-json\/wp\/v2\/media?parent=4877"}],"wp:term":[{"taxonomy":"category","embeddable":true,"href":"https:\/\/catolicanet.net\/wp-cnet\/wp-json\/wp\/v2\/categories?post=4877"},{"taxonomy":"post_tag","embeddable":true,"href":"https:\/\/catolicanet.net\/wp-cnet\/wp-json\/wp\/v2\/tags?post=4877"}],"curies":[{"name":"wp","href":"https:\/\/api.w.org\/{rel}","templated":true}]}}