{"id":48755,"date":"2019-05-02T10:05:00","date_gmt":"2019-05-02T13:05:00","guid":{"rendered":"http:\/\/catolicanet.net\/wp-cnet\/?p=48755"},"modified":"2019-05-02T10:05:00","modified_gmt":"2019-05-02T13:05:00","slug":"novos-bispos-nomeados-pelo-papa-sao-apresentados-na-57a-assembleia-geral","status":"publish","type":"post","link":"https:\/\/catolicanet.net\/wp-cnet\/novos-bispos-nomeados-pelo-papa-sao-apresentados-na-57a-assembleia-geral\/","title":{"rendered":"Novos bispos nomeados pelo papa s\u00e3o apresentados na 57\u00aa Assembleia Geral"},"content":{"rendered":"<p>Os quatorze novos bispos brasileiros, nomeados pelo Papa Francisco desde a \u00faltima Assembleia Geral, em 2018, foram apresentados na manh\u00e3 desta quarta-feira, 1\u00ba de maio, durante a abertura das atividades da 57\u00aa Assembleia Geral da CNBB, em Aparecida (SP). Do total, oito dos novos bispos foram nomeados para dioceses dos regionais sul da Confer\u00eancia Episcopal e quatro s\u00e3o bispo auxiliares.<\/p>\n<p><strong>Perfil<\/strong> \u2013 Dentre os novos bispos, quatro ainda n\u00e3o completaram cinquenta anos: dom Valdemir Vicente Andrade dos Santos (1973), dom M\u00e1rio Spaki (1971), dom Julio C\u00e9sar Souza de Jesus (1971) e Dom Cleonir Paulo Dalbosco (1970). Os outros bispos atingiram a casa dos cinquenta mas nenhum ultrapassou os sessenta anos de idade: dom Evaldo Carvalho dos Santos (1969), dom Manoel Ferreira dos Santos Junior (1967), dom Carlos Jos\u00e9 de Oliveira (1967), dom Jo\u00e3o Aparecido Bergamasco (1967), padre Darley Jos\u00e9 Kummer (1967), dom S\u00edlvio Guterres Dutra (1966), dom Manoel de Oliveira Soares Filho (1965), dom Francisco Lima Soares (1964), dom Walter Jorge Pinto (1963), dom Jos\u00e9 Benedito Cardoso (1961).<\/p>\n<p>Al\u00e9m dos oito bispos enviados para os estados mais ao sul do pa\u00eds, cinco dos nomeados est\u00e3o no nordeste e um na regi\u00e3o centro-oeste. A Arquidiocese de Fortaleza recebeu dois bispos auxiliares (dom Valdemir Vicente Andrade dos Santos e dom Julio C\u00e9sar Souza de Jesus), a Arquidiocese de S\u00e3o Paulo recebeu um (dom Jos\u00e9 Benedito Cardoso) e a Arquidiocese de Porto Alegre tamb\u00e9m um (padre Darley Jos\u00e9 Kummer).<\/p>\n<p>No dia 04 de julho de 2018, o Papa Francisco tamb\u00e9m nomeou como eparca de S\u00e3o Greg\u00f3rio de Narek em Buenos Aires dos Arm\u00eanios e eparca apost\u00f3lico da Am\u00e9rica Latina e Caribe, Pablo Le\u00f3n Hakimian. O eparca Pablo Le\u00f3n \u00e9 eg\u00edpcio, nascido em Cairo, e foi sagrado bispo em 29 de setembro do ano passado. Dentre os nomeados, apenas o monsenhor Darley Jos\u00e9 Kummer ainda n\u00e3o foi sagrado bispo. Sua sagra\u00e7\u00e3o est\u00e1 marcada para o dia 22 de junho de 2019.<\/p>\n<p><strong>Novos Bispos<\/strong><br \/>\nDom M\u00e1rio Spaki \u2013 Diocese de Paranava\u00ed (PR)<br \/>\nDom S\u00edlvio Guterres Dutra \u2013 Diocese de Vacaria (RS)<br \/>\nDom Manoel Ferreira dos Santos Junior \u2013 Diocese de Registro (SP)<br \/>\nExarca Pablo Le\u00f3n Kakimian, S\u00e3o Greg\u00f3rio de Narek em Buenos Aires dos Arm\u00eanios<br \/>\nDom Valdemir Vicente Andrade dos Santos \u2013 Auxiliar da Arquidiocese de Fortaleza (CE)<br \/>\nDom Julio C\u00e9sar Souza de Jesus \u2013 Auxiliar da Arquidiocese de Fortaleza (CE)<br \/>\nDom Francisco Lima Soares \u2013 Diocese de Carolina (MA)<br \/>\nDom Cleonir Paulo Dalbosco \u2013 Diocese de Bag\u00e9 (RS)<br \/>\nDom Carlos Jos\u00e9 de Oliveira, Diocese de Apucarana (PR)<br \/>\nDom Manoel de Oliveira Soares Filho \u2013 Diocese de Palmeira dos \u00cdndios (AL)<br \/>\nDom Jo\u00e3o Aparecido Bergamasco \u2013 Diocese de Corumb\u00e1 (MS)<br \/>\nDom Walter Jorge Pinto \u2013 Diocese de Uni\u00e3o da Vit\u00f3ria (PR)<br \/>\nDom Jos\u00e9 Benedito Cardoso \u2013 Auxiliar da Arquidiocese de S\u00e3o Paulo (SP)<br \/>\nDom Evaldo Carvalho dos Santos \u2013 Diocese de Viana (MA)<br \/>\nMonsenhor Darley Jos\u00e9 Kummer \u2013 Auxiliar da Arquidiocese de Porto Alegre (RS)<\/p>\n<p>Por Franklin Machado<\/p>\n","protected":false},"excerpt":{"rendered":"<p>Os quatorze novos bispos brasileiros, nomeados pelo Papa Francisco desde a \u00faltima Assembleia Geral, em 2018, foram apresentados na manh\u00e3 desta quarta-feira, 1\u00ba de maio, durante a abertura das atividades da 57\u00aa Assembleia Geral da CNBB, em Aparecida (SP). Do total, oito dos novos bispos foram nomeados para dioceses dos regionais sul da Confer\u00eancia Episcopal [&hellip;]<\/p>\n","protected":false},"author":1,"featured_media":48756,"comment_status":"open","ping_status":"closed","sticky":false,"template":"","format":"standard","meta":{"footnotes":""},"categories":[7],"tags":[],"class_list":["post-48755","post","type-post","status-publish","format-standard","has-post-thumbnail","hentry","category-cnbb"],"_links":{"self":[{"href":"https:\/\/catolicanet.net\/wp-cnet\/wp-json\/wp\/v2\/posts\/48755","targetHints":{"allow":["GET"]}}],"collection":[{"href":"https:\/\/catolicanet.net\/wp-cnet\/wp-json\/wp\/v2\/posts"}],"about":[{"href":"https:\/\/catolicanet.net\/wp-cnet\/wp-json\/wp\/v2\/types\/post"}],"author":[{"embeddable":true,"href":"https:\/\/catolicanet.net\/wp-cnet\/wp-json\/wp\/v2\/users\/1"}],"replies":[{"embeddable":true,"href":"https:\/\/catolicanet.net\/wp-cnet\/wp-json\/wp\/v2\/comments?post=48755"}],"version-history":[{"count":1,"href":"https:\/\/catolicanet.net\/wp-cnet\/wp-json\/wp\/v2\/posts\/48755\/revisions"}],"predecessor-version":[{"id":48757,"href":"https:\/\/catolicanet.net\/wp-cnet\/wp-json\/wp\/v2\/posts\/48755\/revisions\/48757"}],"wp:featuredmedia":[{"embeddable":true,"href":"https:\/\/catolicanet.net\/wp-cnet\/wp-json\/wp\/v2\/media\/48756"}],"wp:attachment":[{"href":"https:\/\/catolicanet.net\/wp-cnet\/wp-json\/wp\/v2\/media?parent=48755"}],"wp:term":[{"taxonomy":"category","embeddable":true,"href":"https:\/\/catolicanet.net\/wp-cnet\/wp-json\/wp\/v2\/categories?post=48755"},{"taxonomy":"post_tag","embeddable":true,"href":"https:\/\/catolicanet.net\/wp-cnet\/wp-json\/wp\/v2\/tags?post=48755"}],"curies":[{"name":"wp","href":"https:\/\/api.w.org\/{rel}","templated":true}]}}