{"id":48752,"date":"2019-05-02T10:01:58","date_gmt":"2019-05-02T13:01:58","guid":{"rendered":"http:\/\/catolicanet.net\/wp-cnet\/?p=48752"},"modified":"2019-05-02T10:01:58","modified_gmt":"2019-05-02T13:01:58","slug":"bispos-participam-de-conferencia-sobre-livro-teologia-da-liturgia-de-bento-xvi","status":"publish","type":"post","link":"https:\/\/catolicanet.net\/wp-cnet\/bispos-participam-de-conferencia-sobre-livro-teologia-da-liturgia-de-bento-xvi\/","title":{"rendered":"Bispos participam de confer\u00eancia sobre livro Teologia da Liturgia de Bento XVI"},"content":{"rendered":"<p>Uma confer\u00eancia sobre o livro \u201cTeologia da Liturgia \u2013 o fundamento sacramental da exist\u00eancia crist\u00e3\u201d, marcou a noite desta ter\u00e7a-feira (30), dia que antecedeu a abertura da abertura da 57\u00aa Assembleia Geral da Confer\u00eancia Nacional dos Bispos do Brasil. O conferencista foi o cardeal Gerhard M\u00fcller, editor das obras completas de Joseph Ratzinger em l\u00edngua alem\u00e3. Dezenas de bispos participaram da confer\u00eancia, a qual ocorreu no audit\u00f3rio Santo Afonso, anexo ao hotel Rainha do Brasil.<\/p>\n<p>Segundo o cardeal, na apresenta\u00e7\u00e3o do livro, o papa Bento XVI, durante os longos anos de sua carreira acad\u00eamica, como professor de teologia fundamental e dogm\u00e1tica, desenvolveu uma obra teol\u00f3gica pessoal que o coloca na s\u00e9rie dos te\u00f3logos mais importantes do s\u00e9culo XX e XXI. Por mais de 50 anos, o nome de Joseph Ratzinger est\u00e1 em conex\u00e3o com um plano geral original de teologia sistem\u00e1tica.<\/p>\n<div id=\"attachment_218914\" class=\"wp-caption alignright\"><a href=\"http:\/\/www.cnbb.org.br\/bispos-participam-de-conferencia-sobre-livro-do-cardeal-joseph-ratzinger\/muller\/\"><img loading=\"lazy\" decoding=\"async\" class=\"wp-image-218914 size-medium\" src=\"http:\/\/www.cnbb.org.br\/wp-content\/uploads\/sites\/32\/2019\/05\/Muller-300x200.jpg\" srcset=\"http:\/\/www.cnbb.org.br\/wp-content\/uploads\/sites\/32\/2019\/05\/Muller-300x200.jpg 300w, http:\/\/www.cnbb.org.br\/wp-content\/uploads\/sites\/32\/2019\/05\/Muller-768x512.jpg 768w, http:\/\/www.cnbb.org.br\/wp-content\/uploads\/sites\/32\/2019\/05\/Muller-1024x683.jpg 1024w\" alt=\"\" width=\"300\" height=\"200\" aria-describedby=\"caption-attachment-218914\" \/><\/a><\/p>\n<p id=\"caption-attachment-218914\" class=\"wp-caption-text\">Bispos do Brasil na confer\u00eancia. Foto: Padre Andrey Nicioli<\/p>\n<\/div>\n<p>\u201cO que est\u00e1 em debate n\u00e3o \u00e9 a ordem exterior do rito, mas sua compreens\u00e3o cristol\u00f3gica e a participa\u00e7\u00e3o ativa da Liturgia no Esp\u00edrito do Senhor. Na renova\u00e7\u00e3o de nossa capacidade lit\u00fargica depende a renova\u00e7\u00e3o de nossa capacidade de dar aos homens e mulheres de hoje o \u2018logos\u2019 da esperan\u00e7a que habita em n\u00f3s. Na Liturgia sagrada, n\u00f3s, juntos, escutamos a Cristo que olha a n\u00f3s. A Eucaristia \u00e9 a congrega\u00e7\u00e3o da Igreja em torno de Cristo, no Esp\u00edrito Santo para louvor e gl\u00f3ria de Deus\u201d, afirmou durante sua exposi\u00e7\u00e3o.<\/p>\n<p>Todos, na Liturgia, se elevam como filhos e filhas de Deus no Filho \u00fanico de Deus. Na Sagrada Liturgia adoramos a Deus, em aten\u00e7\u00e3o ao logos, e participamos do conhecimento de Deus. Nisto consiste a Liturgia cat\u00f3lica: adora\u00e7\u00e3o a Deus em esp\u00edrito e verdade. \u00c9 experimentar a liberdade e a gl\u00f3ria dos filhos de Deus.<\/p>\n<p>\u201cH\u00e1 sempre um fundamento trinit\u00e1rio da Liturgia, sempre. A Igreja n\u00e3o \u00e9 uma comunidade fundada por Jesus no sentido de \u2018associativismo\u2019. A Igreja \u00e9 a comunidade de fi\u00e9is nascida da atua\u00e7\u00e3o de Jesus e, por meio dela, o Senhor ressuscitado se torna presente no Esp\u00edrito Santo, uma vez que a Igreja \u00e9 seu corpo e templo do Esp\u00edrito. A partir do Concilio Vaticano II, a Igreja deve ser entendida como instrumento de Deus e sinal de Sua presen\u00e7a no mundo. A Igreja \u00e9, portanto, em sua realiza\u00e7\u00e3o, o sacramento de salva\u00e7\u00e3o no mundo\u201d, disse.<\/p>\n<p>Ainda segundo o cardeal M\u00fcller, a Igreja cumpre n\u00e3o somente uma miss\u00e3o exterior, mas compreende, em diversos momentos da vida do ser humano, uma atualiza\u00e7\u00e3o da salva\u00e7\u00e3o de Deus. \u201cA Igreja \u00e9 a representa\u00e7\u00e3o de Cristo, uma atualiza\u00e7\u00e3o da atualidade de Cristo. Devemos concluir que a atividade sacramental da Igreja nada mais \u00e9 do que sua realiza\u00e7\u00e3o. A liturgia j\u00e1 \u00e9 a pr\u00e1xis da Igreja. Na Liturgia, Cristo j\u00e1 age como cabe\u00e7a, fazendo da Igreja seu instrumento. A Liturgia transmite o Esp\u00edrito Santo. Nela podemos falar com Deus, n\u00e3o apenas para Deus. Falamos de um Deus presente em nossa vida\u201d, afirmou.<\/p>\n<p>O conferencista tamb\u00e9m explicou que qualquer pessoa, incluindo presb\u00edteros e bispos, n\u00e3o pode querer que seu pensamento se sobressaia sobre o sentido objetivo da Liturgia e da f\u00e9 da Igreja, pois o pensamento humano pode ser fal\u00edvel. \u201cA Liturgia conclui tamb\u00e9m a profiss\u00e3o p\u00fablica da f\u00e9. Toda nossa Liturgia tem como fundamento os ap\u00f3stolos. Neles a Liturgia se sustenta. Na Liturgia o fiel participa do acontecimento fundante da vida crist\u00e3. A Igreja \u00e9 a fonte original do sentido da f\u00e9 do Povo de Deus. A f\u00e9 subjetiva e a compreens\u00e3o pessoal n\u00e3o podem se sobressair diante do sentido objetivo da Liturgia e da f\u00e9 objetiva da Igreja. O crist\u00e3o individual, inclusive um bispo, pode ser fal\u00edvel em suas reflex\u00f5es teol\u00f3gicas ou filos\u00f3ficas. As reflex\u00f5es subjetivas n\u00e3o podem ser uma norma. Por isso que entendemos a Liturgia como express\u00e3o total e objetiva da vida da Igreja. A liturgia \u00e9 infal\u00edvel no sentido objetivo, porque a Palavra de Deus \u00e9 infal\u00edvel, porque Jesus Cristo, no Esp\u00edrito Santo, se faz presente nas a\u00e7\u00f5es fundamentais da Igreja\u201d, refletiu.<\/p>\n<p><strong>A obra \u2013 <\/strong>O plano editorial das Obras Completas foi elaborado em estrita concord\u00e2ncia com o Papa Bento XVI. Cada volume \u00e9 autorizado pelo pr\u00f3prio Santo Padre em sua concep\u00e7\u00e3o tem\u00e1tica e tamb\u00e9m na escolha dos textos. O volume \u201cTeologia da Liturgia \u2013 o fundamento sacramental da exist\u00eancia crist\u00e3\u201d, inicia a publica\u00e7\u00e3o das Obras Completas em l\u00edngua portuguesa, publicada pelas Edi\u00e7\u00f5es CNBB. A pedido do pr\u00f3prio autor, os escritos sobre a Liturgia iniciam as publica\u00e7\u00f5es, num total de 16 volumes.<\/p>\n<p>Por padre Andrey Nicioli<\/p>\n","protected":false},"excerpt":{"rendered":"<p>Uma confer\u00eancia sobre o livro \u201cTeologia da Liturgia \u2013 o fundamento sacramental da exist\u00eancia crist\u00e3\u201d, marcou a noite desta ter\u00e7a-feira (30), dia que antecedeu a abertura da abertura da 57\u00aa Assembleia Geral da Confer\u00eancia Nacional dos Bispos do Brasil. O conferencista foi o cardeal Gerhard M\u00fcller, editor das obras completas de Joseph Ratzinger em l\u00edngua [&hellip;]<\/p>\n","protected":false},"author":1,"featured_media":48753,"comment_status":"open","ping_status":"closed","sticky":false,"template":"","format":"standard","meta":{"footnotes":""},"categories":[7],"tags":[],"class_list":["post-48752","post","type-post","status-publish","format-standard","has-post-thumbnail","hentry","category-cnbb"],"_links":{"self":[{"href":"https:\/\/catolicanet.net\/wp-cnet\/wp-json\/wp\/v2\/posts\/48752","targetHints":{"allow":["GET"]}}],"collection":[{"href":"https:\/\/catolicanet.net\/wp-cnet\/wp-json\/wp\/v2\/posts"}],"about":[{"href":"https:\/\/catolicanet.net\/wp-cnet\/wp-json\/wp\/v2\/types\/post"}],"author":[{"embeddable":true,"href":"https:\/\/catolicanet.net\/wp-cnet\/wp-json\/wp\/v2\/users\/1"}],"replies":[{"embeddable":true,"href":"https:\/\/catolicanet.net\/wp-cnet\/wp-json\/wp\/v2\/comments?post=48752"}],"version-history":[{"count":1,"href":"https:\/\/catolicanet.net\/wp-cnet\/wp-json\/wp\/v2\/posts\/48752\/revisions"}],"predecessor-version":[{"id":48754,"href":"https:\/\/catolicanet.net\/wp-cnet\/wp-json\/wp\/v2\/posts\/48752\/revisions\/48754"}],"wp:featuredmedia":[{"embeddable":true,"href":"https:\/\/catolicanet.net\/wp-cnet\/wp-json\/wp\/v2\/media\/48753"}],"wp:attachment":[{"href":"https:\/\/catolicanet.net\/wp-cnet\/wp-json\/wp\/v2\/media?parent=48752"}],"wp:term":[{"taxonomy":"category","embeddable":true,"href":"https:\/\/catolicanet.net\/wp-cnet\/wp-json\/wp\/v2\/categories?post=48752"},{"taxonomy":"post_tag","embeddable":true,"href":"https:\/\/catolicanet.net\/wp-cnet\/wp-json\/wp\/v2\/tags?post=48752"}],"curies":[{"name":"wp","href":"https:\/\/api.w.org\/{rel}","templated":true}]}}