{"id":48724,"date":"2019-04-30T09:25:28","date_gmt":"2019-04-30T12:25:28","guid":{"rendered":"http:\/\/catolicanet.net\/wp-cnet\/?p=48724"},"modified":"2019-04-30T09:25:28","modified_gmt":"2019-04-30T12:25:28","slug":"atacam-igreja-em-burkina-faso-e-deixam-cinco-cristaos-mortos","status":"publish","type":"post","link":"https:\/\/catolicanet.net\/wp-cnet\/atacam-igreja-em-burkina-faso-e-deixam-cinco-cristaos-mortos\/","title":{"rendered":"Atacam igreja em Burkina Faso e deixam cinco crist\u00e3os mortos"},"content":{"rendered":"<p>Pelo menos cinco pessoas morreram em um ataque contra um templo crist\u00e3o em Burkina Faso no domingo, 28 de abril, uma semana depois do ataque a tr\u00eas igrejas no Sri Lanka.<\/p>\n<p>&#8220;Indiv\u00edduos armados n\u00e3o identificados atacaram a igreja protestante de Silgadji, matando quatro fi\u00e9is e o pastor principal. Pelo menos duas pessoas continuam desaparecidas&#8221;, afirmaram fontes das for\u00e7as de seguran\u00e7a \u00e0 AFP.<\/p>\n<p>O ataque ocorreu \u00e0s 13h quando os fi\u00e9is deixavam o templo. Os desconhecidos estavam em motocicletas e atiraram para o alto antes de apontar contra os fi\u00e9is.<\/p>\n<p>No entanto, este n\u00e3o \u00e9 o \u00fanico incidente recente contra os crist\u00e3os em Burkina Faso, na \u00c1frica Ocidental, j\u00e1 que, em 5 de abril, uma igreja cat\u00f3lica tamb\u00e9m foi atacada e quatro fi\u00e9is foram assassinados.<\/p>\n<p>O ataque ocorreu na Diocese de Dori durante a celebra\u00e7\u00e3o da Via-Sacra. Alguns homens armados entraram em uma igreja cat\u00f3lica, separaram as mulheres e crian\u00e7as dos homens e mataram quatro fi\u00e9is que tentaram escapar.<\/p>\n<p>Dom Laurent Dabir\u00e9, Bispo de Dori, assegurou que &#8220;antes de partir, os agressores saquearam a aldeia&#8221;.<\/p>\n<p>Entre os dias 31 de mar\u00e7o e 2 de abril, pelo menos 62 pessoas morreram no norte de Burkina Faso, na fronteira com o Mali, em um ataque jihadista.<\/p>\n<p>Em Burkina Faso, 54,2% da popula\u00e7\u00e3o s\u00e3o mu\u00e7ulmanos, 23,9% s\u00e3o crist\u00e3os de diferentes denomina\u00e7\u00f5es, 21,3% praticantes de outras religi\u00f5es \u00e9tnicas e os 0,6% restantes de outras religi\u00f5es.<\/p>\n<p>Atentados semelhantes s\u00e3o, infelizmente, frequentes na zona central da \u00c1frica. Em mar\u00e7o de 2018, ocorreram atentados coordenados em Ouagadougou, capital de Burkina Faso, quando v\u00e1rios carros-bomba e terroristas suicidas explodiram contra a embaixada francesa e o quartel geral do ex\u00e9rcito do pa\u00eds. Pelo menos 16 pessoas morreram e 100 ficaram feridas. O grupo de apoio ao Isl\u00e3 e aos mu\u00e7ulmanos, associado a Al Qaeda, reivindicou a autoria do atentado.<\/p>\n","protected":false},"excerpt":{"rendered":"<p>Pelo menos cinco pessoas morreram em um ataque contra um templo crist\u00e3o em Burkina Faso no domingo, 28 de abril, uma semana depois do ataque a tr\u00eas igrejas no Sri Lanka. &#8220;Indiv\u00edduos armados n\u00e3o identificados atacaram a igreja protestante de Silgadji, matando quatro fi\u00e9is e o pastor principal. Pelo menos duas pessoas continuam desaparecidas&#8221;, afirmaram [&hellip;]<\/p>\n","protected":false},"author":1,"featured_media":48725,"comment_status":"open","ping_status":"closed","sticky":false,"template":"","format":"standard","meta":{"footnotes":""},"categories":[13],"tags":[],"class_list":["post-48724","post","type-post","status-publish","format-standard","has-post-thumbnail","hentry","category-featured"],"_links":{"self":[{"href":"https:\/\/catolicanet.net\/wp-cnet\/wp-json\/wp\/v2\/posts\/48724","targetHints":{"allow":["GET"]}}],"collection":[{"href":"https:\/\/catolicanet.net\/wp-cnet\/wp-json\/wp\/v2\/posts"}],"about":[{"href":"https:\/\/catolicanet.net\/wp-cnet\/wp-json\/wp\/v2\/types\/post"}],"author":[{"embeddable":true,"href":"https:\/\/catolicanet.net\/wp-cnet\/wp-json\/wp\/v2\/users\/1"}],"replies":[{"embeddable":true,"href":"https:\/\/catolicanet.net\/wp-cnet\/wp-json\/wp\/v2\/comments?post=48724"}],"version-history":[{"count":1,"href":"https:\/\/catolicanet.net\/wp-cnet\/wp-json\/wp\/v2\/posts\/48724\/revisions"}],"predecessor-version":[{"id":48726,"href":"https:\/\/catolicanet.net\/wp-cnet\/wp-json\/wp\/v2\/posts\/48724\/revisions\/48726"}],"wp:featuredmedia":[{"embeddable":true,"href":"https:\/\/catolicanet.net\/wp-cnet\/wp-json\/wp\/v2\/media\/48725"}],"wp:attachment":[{"href":"https:\/\/catolicanet.net\/wp-cnet\/wp-json\/wp\/v2\/media?parent=48724"}],"wp:term":[{"taxonomy":"category","embeddable":true,"href":"https:\/\/catolicanet.net\/wp-cnet\/wp-json\/wp\/v2\/categories?post=48724"},{"taxonomy":"post_tag","embeddable":true,"href":"https:\/\/catolicanet.net\/wp-cnet\/wp-json\/wp\/v2\/tags?post=48724"}],"curies":[{"name":"wp","href":"https:\/\/api.w.org\/{rel}","templated":true}]}}