{"id":48715,"date":"2019-04-30T09:04:47","date_gmt":"2019-04-30T12:04:47","guid":{"rendered":"http:\/\/catolicanet.net\/wp-cnet\/?p=48715"},"modified":"2019-04-30T09:04:47","modified_gmt":"2019-04-30T12:04:47","slug":"papa-francisco-que-o-espirito-santo-seja-o-protagonista-da-nossa-vida","status":"publish","type":"post","link":"https:\/\/catolicanet.net\/wp-cnet\/papa-francisco-que-o-espirito-santo-seja-o-protagonista-da-nossa-vida\/","title":{"rendered":"Papa Francisco: que o Esp\u00edrito Santo seja o protagonista da nossa vida"},"content":{"rendered":"<div class=\"article__subTitle\">N\u00e3o se pode ser crist\u00e3os sem deixar que o Esp\u00edrito Santo seja o protagonista da nossa vida, disse o Papa na homilia matutina na Casa Santa Marta.<\/div>\n<div class=\"title__separator\"><\/div>\n<div class=\"article__text\">\n<p><b>Debora Donnini \u2013 Cidade do Vaticano<\/b><\/p>\n<p>Podemos renascer \u201cdaquele pouco que somos\u201d, da \u201cnossa exist\u00eancia pecadora\u201d somente com a \u201cajuda da pr\u00f3pria for\u00e7a que fez ressurgir o Senhor: com a for\u00e7a de Deus\u201d e por isso \u201co Senhor nos enviou o Esp\u00edrito Santo\u201d. Foi o que recordou o Papa Francisco ao celebrar a missa na Casa Santa Marta na manh\u00e3 desta ter\u00e7a-feira (30\/04).<\/p>\n<p>Em sua homilia, o Pont\u00edfice se inspirou na resposta de Jesus a Nicodemos, proposta pelo Evangelho do dia (Jo 3,7-15). Jesus fala de \u201crenascer do alto\u201d e o Papa tra\u00e7ou este elo entre a P\u00e1scoa e a mensagem do renascimento.<\/p>\n<div>\n<div class=\"article__embed article__embed--unwrap article__embed--dark\">\n<div class=\"article__innerTitle\">Ou\u00e7a a reportagem com a voz do Papa Francisco<\/div>\n<!--[if lt IE 9]><script>document.createElement('audio');<\/script><![endif]-->\n<audio class=\"wp-audio-shortcode\" id=\"audio-48715-1\" preload=\"none\" style=\"width: 100%;\" controls=\"controls\"><source type=\"audio\/mpeg\" src=\"https:\/\/media.vaticannews.va\/media\/audio\/s1\/2019\/04\/30\/11\/135000581_F135000581.mp3?_=1\" \/><a href=\"https:\/\/media.vaticannews.va\/media\/audio\/s1\/2019\/04\/30\/11\/135000581_F135000581.mp3\">https:\/\/media.vaticannews.va\/media\/audio\/s1\/2019\/04\/30\/11\/135000581_F135000581.mp3<\/a><\/audio>\n<\/div>\n<\/div>\n<h2>A for\u00e7a \u00e9 o Esp\u00edrito<\/h2>\n<p>A mensagem da Ressurrei\u00e7\u00e3o do Senhor \u00e9 \u201ceste dom do Esp\u00edrito Santo\u201d, recordou Francisco e, de fato, na primeira apari\u00e7\u00e3o de Jesus aos ap\u00f3stolos, no domingo mesmo da Ressurrei\u00e7\u00e3o, diz a eles: \u201cRecebam o Esp\u00edrito Santo\u201d. \u201cEsta \u00e9 a for\u00e7a! N\u00f3s nada podemos sem o Esp\u00edrito\u201d, explicou o Papa, recordando que a vida crist\u00e3 n\u00e3o \u00e9 somente comportar-se bem, fazer isto, n\u00e3o fazer aquilo. \u201cN\u00f3s podemos fazer isto\u201d, podemos inclusive escrever a nossa vida com \u201ccaligrafia inglesa\u201d, mas a vida crist\u00e3 renasce do Esp\u00edrito e, portanto, \u00e9 preciso reservar um lugar a ele:<\/p>\n<p><i>\u00c9 o Esp\u00edrito que nos faz ressurgir dos nossos limites, das nossas mortes, porque n\u00f3s temos muitas, muitas necroses na nossa vida, na alma. A mensagem da ressurrei\u00e7\u00e3o \u00e9 esta de Jesus a Nicodemos: \u00e9 preciso renascer. Mas como \u00e9 poss\u00edvel deixar espa\u00e7o ao Esp\u00edrito? Uma vida crist\u00e3, que se diz crist\u00e3, que n\u00e3o deixa lugar ao Esp\u00edrito e n\u00e3o se deixa levar avante pelo Esp\u00edrito \u00e9 uma vida pag\u00e3, fantasiada de crist\u00e3. O Esp\u00edrito \u00e8 o protagonista da vida crist\u00e3, o Esp\u00edrito \u2013 o Esp\u00edrito Santo \u2013 que est\u00e1 em n\u00f3s, nos acompanha, nos transforma, vence conosco. Ningu\u00e9m jamais subiu ao c\u00e9u sen\u00e3o Aquele que desceu do c\u00e9u, isto \u00e9, Jesus. Ele desceu do c\u00e9u. E Ele, no momento da ressurrei\u00e7\u00e3o, nos diz: \u201cRecebam o Esp\u00edrito Santo\u201d, ser\u00e1 o companheiro de vida, de vida crist\u00e3.<\/i><\/p>\n<h2>Companheiro di\u00e1rio<\/h2>\n<p>Portanto, n\u00e3o pode existir uma vida crist\u00e3 sem o Esp\u00edrito Santo, que \u00e9 \u201co companheiro de todos os dias\u201d, dom do Pai, dom de Jesus.<\/p>\n<p><i>Pe\u00e7amos ao Senhor que nos d\u00ea esta consci\u00eancia de que n\u00e3o se pode ser crist\u00e3os sem caminhar com o Esp\u00edrito Santo, sem agir com o Esp\u00edrito Santo, sem deixar que o Esp\u00edrito Santo seja o protagonista da nossa vida.<\/i><\/p>\n<p>Trata-se ent\u00e3o de se perguntar qual seja o lugar na nossa vida, porque \u2013 reiterou o Papa \u2013 &#8220;voc\u00ea n\u00e3o pode caminhar numa vida cris\u00e3 sem o Esp\u00edrito Santo\u201d. \u00c9 preciso pedir ao Senhor a gra\u00e7a de entender esta mensagem: \u201co nosso companheiro de caminhada \u00e9 o Esp\u00edrito Santo\u201d.<\/p>\n<\/div>\n","protected":false},"excerpt":{"rendered":"<p>N\u00e3o se pode ser crist\u00e3os sem deixar que o Esp\u00edrito Santo seja o protagonista da nossa vida, disse o Papa na homilia matutina na Casa Santa Marta. Debora Donnini \u2013 Cidade do Vaticano Podemos renascer \u201cdaquele pouco que somos\u201d, da \u201cnossa exist\u00eancia pecadora\u201d somente com a \u201cajuda da pr\u00f3pria for\u00e7a que fez ressurgir o Senhor: [&hellip;]<\/p>\n","protected":false},"author":1,"featured_media":48716,"comment_status":"open","ping_status":"closed","sticky":false,"template":"","format":"standard","meta":{"footnotes":""},"categories":[13],"tags":[],"class_list":["post-48715","post","type-post","status-publish","format-standard","has-post-thumbnail","hentry","category-featured"],"_links":{"self":[{"href":"https:\/\/catolicanet.net\/wp-cnet\/wp-json\/wp\/v2\/posts\/48715","targetHints":{"allow":["GET"]}}],"collection":[{"href":"https:\/\/catolicanet.net\/wp-cnet\/wp-json\/wp\/v2\/posts"}],"about":[{"href":"https:\/\/catolicanet.net\/wp-cnet\/wp-json\/wp\/v2\/types\/post"}],"author":[{"embeddable":true,"href":"https:\/\/catolicanet.net\/wp-cnet\/wp-json\/wp\/v2\/users\/1"}],"replies":[{"embeddable":true,"href":"https:\/\/catolicanet.net\/wp-cnet\/wp-json\/wp\/v2\/comments?post=48715"}],"version-history":[{"count":1,"href":"https:\/\/catolicanet.net\/wp-cnet\/wp-json\/wp\/v2\/posts\/48715\/revisions"}],"predecessor-version":[{"id":48717,"href":"https:\/\/catolicanet.net\/wp-cnet\/wp-json\/wp\/v2\/posts\/48715\/revisions\/48717"}],"wp:featuredmedia":[{"embeddable":true,"href":"https:\/\/catolicanet.net\/wp-cnet\/wp-json\/wp\/v2\/media\/48716"}],"wp:attachment":[{"href":"https:\/\/catolicanet.net\/wp-cnet\/wp-json\/wp\/v2\/media?parent=48715"}],"wp:term":[{"taxonomy":"category","embeddable":true,"href":"https:\/\/catolicanet.net\/wp-cnet\/wp-json\/wp\/v2\/categories?post=48715"},{"taxonomy":"post_tag","embeddable":true,"href":"https:\/\/catolicanet.net\/wp-cnet\/wp-json\/wp\/v2\/tags?post=48715"}],"curies":[{"name":"wp","href":"https:\/\/api.w.org\/{rel}","templated":true}]}}