{"id":48711,"date":"2019-04-29T15:08:21","date_gmt":"2019-04-29T18:08:21","guid":{"rendered":"http:\/\/catolicanet.net\/wp-cnet\/?p=48711"},"modified":"2019-04-29T15:08:21","modified_gmt":"2019-04-29T18:08:21","slug":"projeto-missionario-na-amazonia-ganha-especial-de-25-anos","status":"publish","type":"post","link":"https:\/\/catolicanet.net\/wp-cnet\/projeto-missionario-na-amazonia-ganha-especial-de-25-anos\/","title":{"rendered":"Projeto Mission\u00e1rio na Amaz\u00f4nia ganha especial de 25 anos"},"content":{"rendered":"<p>O Projeto de comunh\u00e3o e solidariedade entre as Igrejas dos Regionais Sul 1 e Norte 1 da CNBB completa 25 anos de exist\u00eancia. Nestes 25 anos de hist\u00f3ria, mais de 80 mission\u00e1rios participaram do Projeto. Atualmente 10 mission\u00e1rios realizam o trabalho de Evangeliza\u00e7\u00e3o na Amaz\u00f4nia. Para celebrar a comunh\u00e3o entre as Igrejas, uma equipe do Regional Sul 1 da CNBB, acompanhada pelo bispo referencial da Comiss\u00e3o para A\u00e7\u00e3o Coopera\u00e7\u00e3o Mission\u00e1ria, Dom Jos\u00e9 Luiz Bertanha, passou vinte dias na Amaz\u00f4nia para vivenciar a experi\u00eancia de pisar o ch\u00e3o amaz\u00f4nico.<\/p>\n<p>A Rede Vida de Televis\u00e3o em parceria com o Regional Sul 1 da CNBB disponibilizou um especial, mostrando um pouco do trabalho deste mission\u00e1rios e das comunidades beneficiadas pelo Projeto Mission\u00e1rio. Al\u00e9m deste especial,\u00a0 boletins di\u00e1rios sobre a Visita Mission\u00e1ria, foram transmitidos pela emissora. <em> Acompanhe no especial do Jornada Miss\u00e3o de Vida.<\/em><\/p>\n<p><iframe loading=\"lazy\" width=\"696\" height=\"392\" src=\"https:\/\/www.youtube.com\/embed\/PZ2OMxFTzM0?feature=oembed\" frameborder=\"0\" allow=\"accelerometer; autoplay; encrypted-media; gyroscope; picture-in-picture\" allowfullscreen><\/iframe><\/p>\n","protected":false},"excerpt":{"rendered":"<p>O Projeto de comunh\u00e3o e solidariedade entre as Igrejas dos Regionais Sul 1 e Norte 1 da CNBB completa 25 anos de exist\u00eancia. Nestes 25 anos de hist\u00f3ria, mais de 80 mission\u00e1rios participaram do Projeto. Atualmente 10 mission\u00e1rios realizam o trabalho de Evangeliza\u00e7\u00e3o na Amaz\u00f4nia. Para celebrar a comunh\u00e3o entre as Igrejas, uma equipe do [&hellip;]<\/p>\n","protected":false},"author":1,"featured_media":48712,"comment_status":"open","ping_status":"closed","sticky":false,"template":"","format":"standard","meta":{"footnotes":""},"categories":[13],"tags":[],"class_list":["post-48711","post","type-post","status-publish","format-standard","has-post-thumbnail","hentry","category-featured"],"_links":{"self":[{"href":"https:\/\/catolicanet.net\/wp-cnet\/wp-json\/wp\/v2\/posts\/48711","targetHints":{"allow":["GET"]}}],"collection":[{"href":"https:\/\/catolicanet.net\/wp-cnet\/wp-json\/wp\/v2\/posts"}],"about":[{"href":"https:\/\/catolicanet.net\/wp-cnet\/wp-json\/wp\/v2\/types\/post"}],"author":[{"embeddable":true,"href":"https:\/\/catolicanet.net\/wp-cnet\/wp-json\/wp\/v2\/users\/1"}],"replies":[{"embeddable":true,"href":"https:\/\/catolicanet.net\/wp-cnet\/wp-json\/wp\/v2\/comments?post=48711"}],"version-history":[{"count":1,"href":"https:\/\/catolicanet.net\/wp-cnet\/wp-json\/wp\/v2\/posts\/48711\/revisions"}],"predecessor-version":[{"id":48713,"href":"https:\/\/catolicanet.net\/wp-cnet\/wp-json\/wp\/v2\/posts\/48711\/revisions\/48713"}],"wp:featuredmedia":[{"embeddable":true,"href":"https:\/\/catolicanet.net\/wp-cnet\/wp-json\/wp\/v2\/media\/48712"}],"wp:attachment":[{"href":"https:\/\/catolicanet.net\/wp-cnet\/wp-json\/wp\/v2\/media?parent=48711"}],"wp:term":[{"taxonomy":"category","embeddable":true,"href":"https:\/\/catolicanet.net\/wp-cnet\/wp-json\/wp\/v2\/categories?post=48711"},{"taxonomy":"post_tag","embeddable":true,"href":"https:\/\/catolicanet.net\/wp-cnet\/wp-json\/wp\/v2\/tags?post=48711"}],"curies":[{"name":"wp","href":"https:\/\/api.w.org\/{rel}","templated":true}]}}