{"id":4870,"date":"2014-07-18T13:06:17","date_gmt":"2014-07-18T16:06:17","guid":{"rendered":"http:\/\/catolicanet.net\/wp-cnet\/argentina-capital-rio-de-janeiro\/"},"modified":"2017-04-06T10:09:55","modified_gmt":"2017-04-06T13:09:55","slug":"argentina-capital-rio-de-janeiro","status":"publish","type":"post","link":"https:\/\/catolicanet.net\/wp-cnet\/argentina-capital-rio-de-janeiro\/","title":{"rendered":"Argentina &#8211; Capital Rio de Janeiro"},"content":{"rendered":"<p style=\"text-align: justify;\">A copa terminou. O Brasil se empenhou muito para garantir o ambiente, e nisto se deu bem, apesar dos percal\u00e7os. Quanto ao mais, preferimos esquecer o resultado. Mesmo assim, o assunto volta, at\u00e9 porque ele tem muitos lados. <br \/> Um deles, certamente, foi a presen\u00e7a argentina no Brasil, independente do resultado da competi\u00e7\u00e3o. O certo \u00e9 que o nosso relacionamento com a Argentina mudou de patamar com esta copa no Brasil.\u00a0 Com certeza, nos descobrimos muito mais pr\u00f3ximos, brasileiros e argentinos, podendo ser, mutuamente,\u00a0 muito menos preconceituosos. <br \/> D\u00e1 para dizer que, finalmente, por acontecimentos relevantes, se estabeleceu um novo clima de m\u00fatua estima, de amizade e\u00a0 de fraternidade, entre n\u00f3s e nossos \u201chermanos\u201d argentinos. <br \/> No m\u00eas de julho do ano passado, 2013, esteve no Rio de Janeiro o Papa Francisco, argentino, que se sentiu fascinado pela calorosa acolhida dos brasileiros, e arrastou para o Rio de Janeiro uma multid\u00e3o de argentinos, que surpreendentemente se sentiam em casa na \u201ccidade maravilhosa\u201d.<br \/> Em julho deste ano, novamente, o Rio de Janeiro, pela magia da copa, se tornou de novo a meca de\u00a0 uma multid\u00e3o de argentinos, que tomaram conta do Maracan\u00e3 e da cidade inteira. <br \/> Como a cidade do Rio de Janeiro j\u00e1 n\u00e3o \u00e9 mais a capital do Brasil, ela poderia ser declarada a capital da Argentina . Nos manuais da utopia, pode haver um cap\u00edtulo de geografia, encimado pelo t\u00edtulo: \u201cArgentina \u2013 Capital Rio de Janeiro\u201d! <br \/> Esta fantasia me faz lembrar uma cena, vivida no tempo em que eu andava pela Europa, enquanto estudava teologia em Roma. <br \/> Fui fazer um est\u00e1gio de \u201cpastoral rural\u201d, na Fran\u00e7a, perto de Lyon, num bonito lugarejo chamado Pomier. Era a regi\u00e3o do famoso vinho \u201cBeaujaulais\u201d. Mas al\u00e9m dos vinhedos, a regi\u00e3o era destino tur\u00edstico de pessoas que viviam em Paris, mas tinham sua casa de veraneio em lugares pitorescos do interior, como era o caso de Pomier.<br \/> Eu estava hospedado na casa paroquial. Mas deixa estar que, num domingo, o padre foi convidado a almo\u00e7ar na casa de turistas parisienses. Ele fez quest\u00e3o que eu fosse junto. E a presen\u00e7a de um seminarista \u201cbr\u00e9silien\u201d se tornou o centro das aten\u00e7\u00f5es e o motivo da conversa\u00e7\u00e3o, enquanto se preparava o sofisticado card\u00e1pio do dia, com direito a tr\u00eas copos diferentes, para saborear tr\u00eas tipos de vinho. <br \/> Os ilustres turistas eram arquitetos e engenheiros, e como est\u00e1vamos em 1961, o assunto indispens\u00e1vel era Bras\u00edlia, a nova capital do Brasil, que acabava de ser inaugurada. <br \/> Foi ent\u00e3o que a conversa tomou um rumo gozado, por misturar dados geogr\u00e1ficos, que sempre foi o ponto fraco dos europeus. Eles conhecem muito bem todos os seus riachos, mas s\u00e3o capazes de ignorar o Rio Amazonas, pois ele n\u00e3o faz parte do territ\u00f3rio europeu, que costuma ser o seu limitado horizonte. <br \/> Come\u00e7a pela observa\u00e7\u00e3o que um deles me fez, quando ficou sabendo que eu era brasileiro. Ele me contou, muito espontaneamente, que tinha um primo pelos lados do Brasil. Perguntei, ent\u00e3o, onde morava o seu primo. E me disse com muita convic\u00e7\u00e3o: \u201cEle mora no M\u00e9xico!\u201d\u00a0 Percebi ent\u00e3o que seus conhecimentos geogr\u00e1ficos n\u00e3o levavam muito em conta as dist\u00e2ncias continentais. <br \/> Enquanto \u00edamos conversando sobre a nova capital, um deles se atreveu a conferir sua geografia, e arriscou seu palpite dizendo\u201d \u201cMas&#8230; a antiga capital do Brasil era\u00a0 Buenos Aires\u201d! <br \/> A\u00ed, para tirar de letra o embara\u00e7o, fui explicando com calma, que na verdade o Brasil j\u00e1 tinha uma capital muito bonita, que era a cidade do Rio de Janeiro, mas que por motivos estrat\u00e9gicos, se pensou de construir uma nova capital no centro do territ\u00f3rio brasileiro.<br \/> Percebendo, ent\u00e3o, o equ\u00edvoco cometido, outro engenheiro entrou logo na conversa, e para suprir a ignor\u00e2ncia geogr\u00e1fica do seu colega, emendou direto: \u201cMas \u00e9 claro, \u00e9 Rio de Janeiro\u201d E por sua vez acrescentou: \u201cN\u00e3o \u00e9 l\u00e1 que o Rio Amazonas entra no mar?\u201d <br \/> A\u00ed come\u00e7amos o almo\u00e7o, pois a conversa preliminar havia sido carregada de percal\u00e7os geogr\u00e1ficos.\u00a0\u00a0 Mas se fosse hoje, daria para explicar aos ilustres engenheiros, que, ao contr\u00e1rio do suposto, Buenos Aires j\u00e1 n\u00e3o era mais a capital do nosso pa\u00eds vizinho, mas que por motivos futebol\u00edsticos, o Rio de Janeiro tinha se tornado a capital da Argentina!\u00a0\u00a0\u00a0\u00a0\u00a0\u00a0 <\/p>\n","protected":false},"excerpt":{"rendered":"<p>A copa terminou. O Brasil se empenhou muito para garantir o ambiente, e nisto se deu bem, apesar dos percal\u00e7os. Quanto ao mais, preferimos esquecer o resultado. Mesmo assim, o assunto volta, at\u00e9 porque ele tem muitos lados. Um deles, certamente, foi a presen\u00e7a argentina no Brasil, independente do resultado da competi\u00e7\u00e3o. O certo \u00e9 [&hellip;]<\/p>\n","protected":false},"author":9,"featured_media":0,"comment_status":"closed","ping_status":"closed","sticky":false,"template":"","format":"standard","meta":{"footnotes":""},"categories":[9],"tags":[],"class_list":["post-4870","post","type-post","status-publish","format-standard","hentry","category-artigos"],"_links":{"self":[{"href":"https:\/\/catolicanet.net\/wp-cnet\/wp-json\/wp\/v2\/posts\/4870","targetHints":{"allow":["GET"]}}],"collection":[{"href":"https:\/\/catolicanet.net\/wp-cnet\/wp-json\/wp\/v2\/posts"}],"about":[{"href":"https:\/\/catolicanet.net\/wp-cnet\/wp-json\/wp\/v2\/types\/post"}],"author":[{"embeddable":true,"href":"https:\/\/catolicanet.net\/wp-cnet\/wp-json\/wp\/v2\/users\/9"}],"replies":[{"embeddable":true,"href":"https:\/\/catolicanet.net\/wp-cnet\/wp-json\/wp\/v2\/comments?post=4870"}],"version-history":[{"count":1,"href":"https:\/\/catolicanet.net\/wp-cnet\/wp-json\/wp\/v2\/posts\/4870\/revisions"}],"predecessor-version":[{"id":9765,"href":"https:\/\/catolicanet.net\/wp-cnet\/wp-json\/wp\/v2\/posts\/4870\/revisions\/9765"}],"wp:attachment":[{"href":"https:\/\/catolicanet.net\/wp-cnet\/wp-json\/wp\/v2\/media?parent=4870"}],"wp:term":[{"taxonomy":"category","embeddable":true,"href":"https:\/\/catolicanet.net\/wp-cnet\/wp-json\/wp\/v2\/categories?post=4870"},{"taxonomy":"post_tag","embeddable":true,"href":"https:\/\/catolicanet.net\/wp-cnet\/wp-json\/wp\/v2\/tags?post=4870"}],"curies":[{"name":"wp","href":"https:\/\/api.w.org\/{rel}","templated":true}]}}