{"id":4869,"date":"2014-07-17T19:33:08","date_gmt":"2014-07-17T22:33:08","guid":{"rendered":"http:\/\/catolicanet.net\/wp-cnet\/assista-e-se-emocione-com-frei-galvao-o-arquiteto-da-luz\/"},"modified":"2017-04-06T10:09:34","modified_gmt":"2017-04-06T13:09:34","slug":"assista-e-se-emocione-com-frei-galvao-o-arquiteto-da-luz","status":"publish","type":"post","link":"https:\/\/catolicanet.net\/wp-cnet\/assista-e-se-emocione-com-frei-galvao-o-arquiteto-da-luz\/","title":{"rendered":"Assista e se emocione com Frei Galv\u00e3o, o arquiteto da luz"},"content":{"rendered":"<p style=\"text-align: justify;\"><img decoding=\"async\" src=\"http:\/\/catolicanet.com.br\/images\/stories\/freigalvao.jpg\" border=\"0\" align=\"left\" \/>Frei Galv\u00e3o, o Arquiteto da Luz \u00e9 um filme document\u00e1rio dramatizado sobre a vida do primeiro santo brasileiro, Antonio de Santana Galv\u00e3o.<\/p>\n<p>Narra a sua jornada, seus milagres e a constru\u00e7\u00e3o do Mosteiro da Luz, em S\u00e3o Paulo.<\/p>\n<p>Realizado em pagamento de uma promessa por Malcolm Forest, o diretor do filme, traz uma mensagem de f\u00e9, paz, esperan\u00e7a e caridade. Apresenta tamb\u00e9m outros conte\u00fados de hist\u00f3ria, cultura e arte sacra.<\/p>\n<p>Acesse o link abaixo e saiba como adquirir o seu DVD:<\/p>\n<p><strong><a href=\"http:\/\/arquitetodaluz.com.br\/?page_id=342\">http:\/\/arquitetodaluz.com.br\/?page_id=342<\/a><\/strong><\/p>\n<p style=\"text-align: justify;\">\u00a0<\/p>\n<p style=\"text-align: justify;\"><strong>Fonte:<\/strong> MDK Comunica\u00e7\u00f5es<br \/><strong>Local:<\/strong> S\u00e3o Paulo<\/p>\n","protected":false},"excerpt":{"rendered":"<p>Frei Galv\u00e3o, o Arquiteto da Luz \u00e9 um filme document\u00e1rio dramatizado sobre a vida do primeiro santo brasileiro, Antonio de Santana Galv\u00e3o. Narra a sua jornada, seus milagres e a constru\u00e7\u00e3o do Mosteiro da Luz, em S\u00e3o Paulo. Realizado em pagamento de uma promessa por Malcolm Forest, o diretor do filme, traz uma mensagem de [&hellip;]<\/p>\n","protected":false},"author":1,"featured_media":0,"comment_status":"closed","ping_status":"closed","sticky":false,"template":"","format":"standard","meta":{"footnotes":""},"categories":[4],"tags":[],"class_list":["post-4869","post","type-post","status-publish","format-standard","hentry","category-cotidiano"],"_links":{"self":[{"href":"https:\/\/catolicanet.net\/wp-cnet\/wp-json\/wp\/v2\/posts\/4869","targetHints":{"allow":["GET"]}}],"collection":[{"href":"https:\/\/catolicanet.net\/wp-cnet\/wp-json\/wp\/v2\/posts"}],"about":[{"href":"https:\/\/catolicanet.net\/wp-cnet\/wp-json\/wp\/v2\/types\/post"}],"author":[{"embeddable":true,"href":"https:\/\/catolicanet.net\/wp-cnet\/wp-json\/wp\/v2\/users\/1"}],"replies":[{"embeddable":true,"href":"https:\/\/catolicanet.net\/wp-cnet\/wp-json\/wp\/v2\/comments?post=4869"}],"version-history":[{"count":1,"href":"https:\/\/catolicanet.net\/wp-cnet\/wp-json\/wp\/v2\/posts\/4869\/revisions"}],"predecessor-version":[{"id":9764,"href":"https:\/\/catolicanet.net\/wp-cnet\/wp-json\/wp\/v2\/posts\/4869\/revisions\/9764"}],"wp:attachment":[{"href":"https:\/\/catolicanet.net\/wp-cnet\/wp-json\/wp\/v2\/media?parent=4869"}],"wp:term":[{"taxonomy":"category","embeddable":true,"href":"https:\/\/catolicanet.net\/wp-cnet\/wp-json\/wp\/v2\/categories?post=4869"},{"taxonomy":"post_tag","embeddable":true,"href":"https:\/\/catolicanet.net\/wp-cnet\/wp-json\/wp\/v2\/tags?post=4869"}],"curies":[{"name":"wp","href":"https:\/\/api.w.org\/{rel}","templated":true}]}}