{"id":4868,"date":"2014-07-17T17:27:04","date_gmt":"2014-07-17T20:27:04","guid":{"rendered":"http:\/\/catolicanet.net\/wp-cnet\/os-projetos-de-ajuda-a-igreja-que-sofre-em-beneficio-dos-cristaos-perseguidos\/"},"modified":"2017-04-06T10:09:13","modified_gmt":"2017-04-06T13:09:13","slug":"os-projetos-de-ajuda-a-igreja-que-sofre-em-beneficio-dos-cristaos-perseguidos","status":"publish","type":"post","link":"https:\/\/catolicanet.net\/wp-cnet\/os-projetos-de-ajuda-a-igreja-que-sofre-em-beneficio-dos-cristaos-perseguidos\/","title":{"rendered":"Os projetos de Ajuda \u00e0 Igreja que Sofre em benef\u00edcio dos crist\u00e3os perseguidos"},"content":{"rendered":"<p style=\"text-align: justify;\"><img decoding=\"async\" src=\"http:\/\/catolicanet.com.br\/images\/stories\/aiscristaos2014.jpg\" border=\"0\" align=\"left\" \/>A funda\u00e7\u00e3o pontif\u00edcia Ajuda \u00e0 Igreja que Sofre (AIS) angariou cerca de 88 milh\u00f5es de euros em 2013, destinados a 5420 projetos em 140 pa\u00edses.<\/p>\n<p>\u201cFoi o segundo melhor resultado da hist\u00f3ria da funda\u00e7\u00e3o AIS em n\u00edvel internacional. Apesar da crise econ\u00f4mica que se abateu sobre tantos pa\u00edses, foram recolhidos 88,3 milh\u00f5es de euros\u201d, informa a organiza\u00e7\u00e3o cat\u00f3lica em comunicado.<\/p>\n<p>Segundo AIS, cerca de um ter\u00e7o da verba foi revertida para pa\u00edses do Oriente M\u00e9dio e o restante do valor aplicado em pa\u00edses onde a Igreja Cat\u00f3lica est\u00e1 vivendo per\u00edodos conturbados.<\/p>\n<p>A funda\u00e7\u00e3o explica tamb\u00e9m que, em 2012, as ajudas de emerg\u00eancia \u201cmais do que duplicaram\u201d devido ao conflito na S\u00edria, para onde j\u00e1 foram disponibilizados mais de 3,5 milh\u00f5es de euros para projetos com os deslocados e com refugiados na Jord\u00e2nia, L\u00edbano e Turquia.<\/p>\n<p>\u201cA nossa prioridade na regi\u00e3o do Oriente M\u00e9dio centra-se nos mais de 2,5 milh\u00f5es de refugiados s\u00edrios e nos mais de 7 milh\u00f5es de deslocados em consequ\u00eancia direta da guerra civil que est\u00e1 destruindo este pa\u00eds\u201d, disse o respons\u00e1vel de AIS para o Oriente M\u00e9dio, Padre Andrzej Halemba.<\/p>\n<p>O sacerdote acrescenta que \u201ca Igreja tem-se revelado como a \u00fanica institui\u00e7\u00e3o em que os refugiados podem confiar e o seu \u00fanico ponto de refer\u00eancia\u201d.<\/p>\n<p>Ainda no Oriente M\u00e9dio, o Egito foi outro pa\u00eds que mereceu \u201cuma aten\u00e7\u00e3o especial\u201d de AIS em 2013, com uma ajuda de 30 mil euros: \u201cUm ano particularmente dif\u00edcil com uma viol\u00eancia extrema contra a comunidade crist\u00e3 e as suas igrejas\u201d, adianta.<\/p>\n<p>O apoio de AIS, em termos globais, distribui-se por: projetos de constru\u00e7\u00e3o 37%; inten\u00e7\u00f5es de Missa 17,6%; forma\u00e7\u00e3o teol\u00f3gica 12,5%; catequese 10,3%; apoio para transportes 6,9%; apostolado b\u00edblico 5%; ajudas de emerg\u00eancia 4,5%; ajudas de subsist\u00eancia 3,7% e apostolado dos meios de comunica\u00e7\u00e3o social 2,1%.<\/p>\n<p><strong>Fonte:<\/strong> R\u00e1dio Vaticano<br \/><strong>Local:<\/strong> Konigstein<\/p>\n","protected":false},"excerpt":{"rendered":"<p>A funda\u00e7\u00e3o pontif\u00edcia Ajuda \u00e0 Igreja que Sofre (AIS) angariou cerca de 88 milh\u00f5es de euros em 2013, destinados a 5420 projetos em 140 pa\u00edses. \u201cFoi o segundo melhor resultado da hist\u00f3ria da funda\u00e7\u00e3o AIS em n\u00edvel internacional. Apesar da crise econ\u00f4mica que se abateu sobre tantos pa\u00edses, foram recolhidos 88,3 milh\u00f5es de euros\u201d, informa [&hellip;]<\/p>\n","protected":false},"author":1,"featured_media":0,"comment_status":"closed","ping_status":"closed","sticky":false,"template":"","format":"standard","meta":{"footnotes":""},"categories":[3],"tags":[],"class_list":["post-4868","post","type-post","status-publish","format-standard","hentry","category-vaticano"],"_links":{"self":[{"href":"https:\/\/catolicanet.net\/wp-cnet\/wp-json\/wp\/v2\/posts\/4868","targetHints":{"allow":["GET"]}}],"collection":[{"href":"https:\/\/catolicanet.net\/wp-cnet\/wp-json\/wp\/v2\/posts"}],"about":[{"href":"https:\/\/catolicanet.net\/wp-cnet\/wp-json\/wp\/v2\/types\/post"}],"author":[{"embeddable":true,"href":"https:\/\/catolicanet.net\/wp-cnet\/wp-json\/wp\/v2\/users\/1"}],"replies":[{"embeddable":true,"href":"https:\/\/catolicanet.net\/wp-cnet\/wp-json\/wp\/v2\/comments?post=4868"}],"version-history":[{"count":1,"href":"https:\/\/catolicanet.net\/wp-cnet\/wp-json\/wp\/v2\/posts\/4868\/revisions"}],"predecessor-version":[{"id":9763,"href":"https:\/\/catolicanet.net\/wp-cnet\/wp-json\/wp\/v2\/posts\/4868\/revisions\/9763"}],"wp:attachment":[{"href":"https:\/\/catolicanet.net\/wp-cnet\/wp-json\/wp\/v2\/media?parent=4868"}],"wp:term":[{"taxonomy":"category","embeddable":true,"href":"https:\/\/catolicanet.net\/wp-cnet\/wp-json\/wp\/v2\/categories?post=4868"},{"taxonomy":"post_tag","embeddable":true,"href":"https:\/\/catolicanet.net\/wp-cnet\/wp-json\/wp\/v2\/tags?post=4868"}],"curies":[{"name":"wp","href":"https:\/\/api.w.org\/{rel}","templated":true}]}}