{"id":48663,"date":"2019-04-26T16:10:12","date_gmt":"2019-04-26T19:10:12","guid":{"rendered":"http:\/\/catolicanet.net\/wp-cnet\/?p=48663"},"modified":"2019-04-26T16:10:12","modified_gmt":"2019-04-26T19:10:12","slug":"assim-este-bispo-viveu-a-semana-santa-em-area-de-alto-risco-na-republica-centro-africana","status":"publish","type":"post","link":"https:\/\/catolicanet.net\/wp-cnet\/assim-este-bispo-viveu-a-semana-santa-em-area-de-alto-risco-na-republica-centro-africana\/","title":{"rendered":"Assim este bispo viveu a Semana Santa em \u00e1rea de &#8220;alto risco&#8221; na Rep\u00fablica Centro-africana"},"content":{"rendered":"<p>Dom Juan Jos\u00e9 Aguirre, Bispo de Bangassou (Rep\u00fablica Centro-africana) viveu a Semana Santa na \u00e1rea de Bakouma, conhecida como uma zona de &#8220;alto risco&#8221; e que foi brutalmente saqueada em v\u00e1rias ocasi\u00f5es. Apesar disso, os fi\u00e9is chegaram para celebrar a Ressurrei\u00e7\u00e3o de Cristo, alguns inclusive tendo que caminhar por dez quil\u00f4metros.<\/p>\n<p>O Prelado enviou uma carta \u00e0 Funda\u00e7\u00e3o Bangassou, na qual explicou como viveu a Semana Santa na miss\u00e3o em Bakouma, uma \u00e1rea que em dezembro de 2018 foi atacada durante a noite por 150 mercen\u00e1rios mu\u00e7ulmanos.<\/p>\n<p>&#8220;Disparando rajadas de metralhadora em plena noite, foram para casa do sult\u00e3o (personagem que encarna o poder dos ancestrais) e lhe dispararam um tiro no peito\u201d, relatou a carta.<\/p>\n<p>O Bispo assegurou que durante 10 dias os agressores saquearam o hospital de Bakouma e levaram tudo para Nzacko, uma cidade a 80 km, que o Prelado descreveu como sendo um territ\u00f3rio onde &#8220;os agressores s\u00e3o os donos do peda\u00e7o e onde querem \u2018montar\u2019 seu pr\u00f3prio hospital&#8221;.<\/p>\n<p>Segundo assegurou, &#8220;Nzacko \u00e9 a cidade onde a miss\u00e3o cat\u00f3lica foi destru\u00edda em meados de 2018, a nova sala de opera\u00e7\u00f5es com todos os seus aparelhos, a casa dos padres e todas as suas instala\u00e7\u00f5es, duas igrejas, uma escola, a gruta Mariana com a pequena est\u00e1tua de Maria, etc. Eles destru\u00edram tudo, tijolo por tijolo at\u00e9 as funda\u00e7\u00f5es. Roubando as telhas de zinco da igreja, dois jovens ca\u00edram e morreram&#8221;.<\/p>\n<p>Durante o ataque ocorrido em Bakouma em dezembro de 2018, mais de 20 mil pessoas fugiram deixando tudo para tr\u00e1s e milhares delas chegaram a Bangassou caminhando por mais de 130 quil\u00f4metros. L\u00e1, &#8220;misturaram-se com as fam\u00edlias acolhedoras, pessoas com um cora\u00e7\u00e3o de ouro. Centenas de crian\u00e7as foram acolhidas em escolas cat\u00f3licas, 67 delas chegaram &#8216;desacompanhadas&#8217;, sem saber se seus pais estavam vivos ou mortos e foram recebidas em nosso orfanato&#8221;, contou o Prelado.<\/p>\n<p>Diante da situa\u00e7\u00e3o na \u00e1rea de Bakouma, Dom Juan Jos\u00e9 Aguirre decidiu passar a Semana Santa e a P\u00e1scoa com aqueles que permaneceram l\u00e1 e est\u00e3o, de acordo com o bispo, &#8220;ainda em estado de choque&#8221;, porque os mercen\u00e1rios radicais tomaram e saquearam \u201ca miss\u00e3o cat\u00f3lica por 10 dias at\u00e9 que foram for\u00e7ados a retornar a Nzacko&#8221;.<\/p>\n<p>&#8220;Em algumas paredes dos quartos [da miss\u00e3o cat\u00f3lica saqueada] escreveram: &#8216;Seleka Force, FPRC&#8217;, que \u00e9 a sigla da Frente Popular para a Rep\u00fablica Centro-africana fundada por um dos 14 senhores da guerra que ainda controlam 80% do pa\u00eds&#8221;, explicou o Prelado.<\/p>\n<p>O senhor da guerra ao qual se refere o Bispo \u00e9 &#8220;Nourredim Adam, um chadiano de infeliz mem\u00f3ria, procurado pelo Tribunal Penal Internacional por causa dos massacres que ele e suas tropas cometeram nos \u00faltimos cinco anos&#8221;.<\/p>\n<p>Aos poucos, as pessoas est\u00e3o retornando a Bakouma, mas algumas ainda permanecer\u00e3o em Bangassou at\u00e9 o fim do ano letivo e voltar\u00e3o depois. Enquanto isso, soldados centro-africanos (FACA) e marroquinos da ONU chegaram para proteger Bakouma.<\/p>\n<p>No entanto, aqueles que retornaram a Bakouma n\u00e3o t\u00eam sementes para iniciar as planta\u00e7\u00f5es e aproveitar a \u00e9poca da chuva.<\/p>\n<p>&#8220;Tudo foi roubado por esses v\u00e2ndalos agressores. Por causa desta precariedade, de suas almas abandonadas, de seu vazio desamparo, vim passar a Semana Santa aqui&#8221;, explicoua o Bispo.<\/p>\n<p>Dom Aguirre conta que no Domingo de Ramos a igreja de Bakouma estava completamente cheia, &#8220;alguns vieram caminhando 10 quil\u00f4metros a p\u00e9 para gritar Hosana \u00e0 passagem do jumentinho, que era eu. Alguns dizem que aquele jumentinho de Jerusal\u00e9m estava feliz porque acreditava que o Hosana era para ele. Eu era muito consciente de que eu n\u00e3o era o protagonista. Trazia-lhes Jesus, mestre das consola\u00e7\u00f5es\u201d.<\/p>\n<p>Lembrou tamb\u00e9m que durante o lava-p\u00e9s realizado na Quinta-feira Santa, &#8220;lavar os p\u00e9s dessas pessoas era lavar suas feridas abertas, porque o horror daquela noite infame do dia 31 de dezembro ainda supura&#8221;.<\/p>\n<p>&#8220;Ap\u00f3s a Missa, ficamos rezando junto ao sacr\u00e1rio reservado, muitos em silencioso louvor, outros digerindo o pr\u00f3prio medo&#8221;, afirmou e destacou que &#8220;o que brotava espontaneamente eram pensamentos de c\u00f3lera, de raiva acumulada contra aqueles que lhes roubaram tudo e ficaram na mais completa impunidade\u201d.<\/p>\n<p>Dom Aguirre denunciou tamb\u00e9m que a ONU come\u00e7ou a reconstruir a estrada para Nzacko &#8220;como \u2018recompensa\u2019 para aqueles assassinos que riem de n\u00f3s por todos os que eles mataram e roubaram&#8221;.<\/p>\n<p>O Prelado descreveu a precariedade total em Nzacko, onde &#8220;n\u00e3o h\u00e1 luz, nem baterias, nem colch\u00f5es&#8221;.<\/p>\n<p>&#8220;Na Quinta-feira Santa, diante do sacr\u00e1rio na penumbra, sem mais luz do que a luz de duas velas, s\u00f3 a ora\u00e7\u00e3o pode esfriar a c\u00f3lera que brota por instinto como um rio que transborda gratuito e irrita como os morcegos que voavam sobre as nossas cabe\u00e7as ou os mosquitos que espantamos em v\u00e3o dos nossos ouvidos e que voltavam sem pressa, mas tamb\u00e9m sem pausa\u201d, relatou o Bispo.<\/p>\n<p>No entanto, assegurou que &#8220;Cristo \u00e9 a senha para entender tudo o que nos aconteceu. Seu comportamento n\u00e3o violento e de perd\u00e3o, coloca em crise a nossa c\u00f3lera\u201d.<\/p>\n<p>&#8220;Sua Ressurrei\u00e7\u00e3o na Missa Pascoal, esse c\u00edrio \u2018feito com cera de abelhas\u2019 levantado ao c\u00e9u com a sua luz que n\u00e3o se apaga, mostra que, no final, e s\u00f3 no final, os pobres ganhar\u00e3o e os violentos ser\u00e3o derrotados&#8221;, afirmou.<\/p>\n<p>Dom Aguirre relatou que a situa\u00e7\u00e3o na Rep\u00fablica Centro-africana melhorou um pouco depois da assinatura do acordo de paz entre o governo e os 14 grupos rebeldes. \u201cParece que h\u00e1 melhor entendimento no pa\u00eds, que circula para retomar o com\u00e9rcio embora os 14 senhores da guerra continuem controlando 80% do pa\u00eds, \u00e1reas de ouro, diamantes, merc\u00fario, cobalto, e muitas outras mat\u00e9rias-primas essenciais para a ind\u00fastria e para o futuro do Ocidente&#8221;.<\/p>\n<p>Neste sentido, o Prelado destacou que estes &#8220;senhores da guerra s\u00e3o criminosos que cometeram massacres deixando centenas de mortos, entre eles, cinco sacerdotes\u201d.<\/p>\n<p>&#8220;Justamente, os acordos de paz colocam alguns desses criminosos no governo centro-africano, como assessores do primeiro-ministro, com sal\u00e1rios, encarregados de pacificar a \u00e1rea geogr\u00e1fica onde alguns meses atr\u00e1s, a \u00faltima vez em 15 de novembro e 31 de dezembro, massacraram a popula\u00e7\u00e3o civil como se fossem vermes&#8221;, denunciou o Prelado e recordou que precisamente &#8220;esses acordos de paz colocaram os lobos para pacificar rebanhos. Assim \u00e9 a \u00c1frica. Pode ser que se avance em algo, mas pode ser tamb\u00e9m, Deus queira que n\u00e3o, que os lobos disfar\u00e7ados de ovelhas voltem a atacar\u201d.<\/p>\n<p>A Rep\u00fablica Centro-africana est\u00e1 imersa em um conflito de forma intermitente desde o in\u00edcio do s\u00e9culo XXI. O grupo Seleka, de maioria mu\u00e7ulmana, e os Anti-Balakas se enfrentam por terras e posses, e a isso se somam outros conflitos relacionados, como por exemplo aqueles causados pelos senhores da guerra ou a explora\u00e7\u00e3o dos recursos naturais que o pa\u00eds possui.<\/p>\n","protected":false},"excerpt":{"rendered":"<p>Dom Juan Jos\u00e9 Aguirre, Bispo de Bangassou (Rep\u00fablica Centro-africana) viveu a Semana Santa na \u00e1rea de Bakouma, conhecida como uma zona de &#8220;alto risco&#8221; e que foi brutalmente saqueada em v\u00e1rias ocasi\u00f5es. Apesar disso, os fi\u00e9is chegaram para celebrar a Ressurrei\u00e7\u00e3o de Cristo, alguns inclusive tendo que caminhar por dez quil\u00f4metros. O Prelado enviou uma [&hellip;]<\/p>\n","protected":false},"author":1,"featured_media":48664,"comment_status":"open","ping_status":"closed","sticky":false,"template":"","format":"standard","meta":{"footnotes":""},"categories":[13],"tags":[],"class_list":["post-48663","post","type-post","status-publish","format-standard","has-post-thumbnail","hentry","category-featured"],"_links":{"self":[{"href":"https:\/\/catolicanet.net\/wp-cnet\/wp-json\/wp\/v2\/posts\/48663","targetHints":{"allow":["GET"]}}],"collection":[{"href":"https:\/\/catolicanet.net\/wp-cnet\/wp-json\/wp\/v2\/posts"}],"about":[{"href":"https:\/\/catolicanet.net\/wp-cnet\/wp-json\/wp\/v2\/types\/post"}],"author":[{"embeddable":true,"href":"https:\/\/catolicanet.net\/wp-cnet\/wp-json\/wp\/v2\/users\/1"}],"replies":[{"embeddable":true,"href":"https:\/\/catolicanet.net\/wp-cnet\/wp-json\/wp\/v2\/comments?post=48663"}],"version-history":[{"count":1,"href":"https:\/\/catolicanet.net\/wp-cnet\/wp-json\/wp\/v2\/posts\/48663\/revisions"}],"predecessor-version":[{"id":48665,"href":"https:\/\/catolicanet.net\/wp-cnet\/wp-json\/wp\/v2\/posts\/48663\/revisions\/48665"}],"wp:featuredmedia":[{"embeddable":true,"href":"https:\/\/catolicanet.net\/wp-cnet\/wp-json\/wp\/v2\/media\/48664"}],"wp:attachment":[{"href":"https:\/\/catolicanet.net\/wp-cnet\/wp-json\/wp\/v2\/media?parent=48663"}],"wp:term":[{"taxonomy":"category","embeddable":true,"href":"https:\/\/catolicanet.net\/wp-cnet\/wp-json\/wp\/v2\/categories?post=48663"},{"taxonomy":"post_tag","embeddable":true,"href":"https:\/\/catolicanet.net\/wp-cnet\/wp-json\/wp\/v2\/tags?post=48663"}],"curies":[{"name":"wp","href":"https:\/\/api.w.org\/{rel}","templated":true}]}}