{"id":48638,"date":"2019-04-26T11:04:03","date_gmt":"2019-04-26T14:04:03","guid":{"rendered":"http:\/\/catolicanet.net\/wp-cnet\/?p=48638"},"modified":"2019-04-26T11:04:03","modified_gmt":"2019-04-26T14:04:03","slug":"outubro-mes-missionario-levar-cristo-a-sociedade-secularizada","status":"publish","type":"post","link":"https:\/\/catolicanet.net\/wp-cnet\/outubro-mes-missionario-levar-cristo-a-sociedade-secularizada\/","title":{"rendered":"Outubro, m\u00eas mission\u00e1rio: levar Cristo a sociedade secularizada"},"content":{"rendered":"<div class=\"article__subTitle\">Outubro pr\u00f3ximo, proclamado pelo Papa Francisco M\u00eas Mission\u00e1rio Extraordin\u00e1rio, &#8220;\u00e9 dirigido principalmente aos jovens, \u00e0queles que se encontram interagindo num contexto de seculariza\u00e7\u00e3o da sociedade, n\u00e3o somente nos ambientes escolares, mas tamb\u00e9m familiares, onde se apresentam obst\u00e1culos para a f\u00e9 deles\u201d, ressalta o secret\u00e1rio da Pontif\u00edcia Obra para a Propaga\u00e7\u00e3o da F\u00e9 no M\u00e9xico, Pe. Luis Alberto Castillo Hern\u00e1ndez<\/div>\n<div class=\"title__separator\"><\/div>\n<div class=\"article__text\">\n<p><b>Cidade do Vaticano<\/b><\/p>\n<p>\u201cTestemunho, vidas exemplares e despertar mission\u00e1rio de todos os batizados: s\u00e3o os temas indicados pelo Papa Francisco para as celebra\u00e7\u00f5es do M\u00eas Mission\u00e1rio Extraordin\u00e1rio de outubro pr\u00f3ximo que viveremos em Villahermosa, no Estado de Tabasco. \u00c9 o que destaca \u00e0 ag\u00eancia mission\u00e1ria <i>Fides<\/i> o secret\u00e1rio da Pontif\u00edcia Obra para a Propaga\u00e7\u00e3o da F\u00e9 no M\u00e9xico, Pe. Luis Alberto Castillo Hern\u00e1ndez.<\/p>\n<div>\n<div class=\"article__embed article__embed--unwrap article__embed--dark\">\n<div class=\"article__innerTitle\">Ou\u00e7a e compartilhe!<\/div>\n<!--[if lt IE 9]><script>document.createElement('audio');<\/script><![endif]-->\n<audio class=\"wp-audio-shortcode\" id=\"audio-48638-1\" preload=\"none\" style=\"width: 100%;\" controls=\"controls\"><source type=\"audio\/mpeg\" src=\"https:\/\/media.vaticannews.va\/media\/audio\/s1\/2019\/04\/26\/12\/134982950_F134982950.mp3?_=1\" \/><a href=\"https:\/\/media.vaticannews.va\/media\/audio\/s1\/2019\/04\/26\/12\/134982950_F134982950.mp3\">https:\/\/media.vaticannews.va\/media\/audio\/s1\/2019\/04\/26\/12\/134982950_F134982950.mp3<\/a><\/audio>\n<\/div>\n<\/div>\n<p>\u201cO M\u00eas Mission\u00e1rio Extraordin\u00e1rio \u00e9 dirigido principalmente aos jovens, \u00e0queles que se encontram interagindo num contexto de seculariza\u00e7\u00e3o da sociedade, n\u00e3o somente nos ambientes escolares, mas tamb\u00e9m familiares, onde se apresentam obst\u00e1culos para a f\u00e9 deles\u201d, ressalta.<\/p>\n<h2>Uma catequese destinada a alcan\u00e7ar todas as realidades<\/h2>\n<p>\u201cA Pontif\u00edcia Obra para a Propaga\u00e7\u00e3o da F\u00e9 prop\u00f4s, entre seus projetos, uma catequese que tenha como ponto de partida uma s\u00e9rie de reflex\u00f5es juvenis em chave mission\u00e1ria e que, junto aos respons\u00e1veis pela Pastoral da Juventude, seja capaz de poder desenvolver atividades e propostas que aprofundem a f\u00e9. Essa catequese \u00e9 destinada a alcan\u00e7ar todas as realidades e os ambientes seculares. Programamos uma s\u00e9rie de ilustra\u00e7\u00f5es que possam ter um impacto com as v\u00e1rias realidades\u201d, prossegue Pe. Luis Alberto.<\/p>\n<h2>Desenvolver voca\u00e7\u00e3o mission\u00e1ria que nasce do batismo<\/h2>\n<\/div>\n<div>\n<aside class=\"article__readmore\">\n<div class=\"teaser--labelEvidence teaser teaser--type-article\">\n<article>\n<div class=\"teaser__contentWrapper\">\n<div><\/div>\n<\/div>\n<\/article>\n<\/div>\n<\/aside>\n<\/div>\n<p>O sacerdote afirma: \u201cTodo jovem \u00e9 chamado a desenvolver sua voca\u00e7\u00e3o mission\u00e1ria que nasce do batismo, com todos os instrumentos \u00e0 disposi\u00e7\u00e3o, naturalmente distinguindo entre proselitismo e miss\u00e3o, que parte do testemunho de vida\u201d.<\/p>\n<p>\u201cO projeto de catequese busca n\u00e3o somente anunciar Cristo a quem n\u00e3o o conhece e n\u00e3o frequenta a Igreja, mas tamb\u00e9m a levar Cristo \u00e0queles que j\u00e1 pertencem \u00e0 Igreja, isto \u00e9, j\u00e1 s\u00e3o batizados, que receberam os Sacramentos, mas que vivem sua f\u00e9 com uma certa frieza\u201d, insiste ele.<\/p>\n<h2>Enfoque especial \u00e0 \u201ccultura do encontro\u201d<\/h2>\n<p>No \u00e2mbito do esquema geral das atividades foram propostas iniciativas culturais e laborat\u00f3rios que ajudam os jovens a interrogar-se sobre elementos espec\u00edficos da doutrina. Ser\u00e1 dado um enfoque especial \u00e0 \u201ccultura do encontro\u201d, que prev\u00ea a participa\u00e7\u00e3o de <i>influencer<\/i> e <i>youtuber<\/i> que falam sobre como ajudar os outros atrav\u00e9s das redes sociais.<\/p>\n<p>Pe. Luis Alberto convida os jovens a difundir a f\u00e9 com os recursos presentes em seu contexto, em cada Estado da rep\u00fablica mexicana.<\/p>\n","protected":false},"excerpt":{"rendered":"<p>Outubro pr\u00f3ximo, proclamado pelo Papa Francisco M\u00eas Mission\u00e1rio Extraordin\u00e1rio, &#8220;\u00e9 dirigido principalmente aos jovens, \u00e0queles que se encontram interagindo num contexto de seculariza\u00e7\u00e3o da sociedade, n\u00e3o somente nos ambientes escolares, mas tamb\u00e9m familiares, onde se apresentam obst\u00e1culos para a f\u00e9 deles\u201d, ressalta o secret\u00e1rio da Pontif\u00edcia Obra para a Propaga\u00e7\u00e3o da F\u00e9 no M\u00e9xico, Pe. [&hellip;]<\/p>\n","protected":false},"author":1,"featured_media":48639,"comment_status":"open","ping_status":"closed","sticky":false,"template":"","format":"standard","meta":{"footnotes":""},"categories":[3],"tags":[],"class_list":["post-48638","post","type-post","status-publish","format-standard","has-post-thumbnail","hentry","category-vaticano"],"_links":{"self":[{"href":"https:\/\/catolicanet.net\/wp-cnet\/wp-json\/wp\/v2\/posts\/48638","targetHints":{"allow":["GET"]}}],"collection":[{"href":"https:\/\/catolicanet.net\/wp-cnet\/wp-json\/wp\/v2\/posts"}],"about":[{"href":"https:\/\/catolicanet.net\/wp-cnet\/wp-json\/wp\/v2\/types\/post"}],"author":[{"embeddable":true,"href":"https:\/\/catolicanet.net\/wp-cnet\/wp-json\/wp\/v2\/users\/1"}],"replies":[{"embeddable":true,"href":"https:\/\/catolicanet.net\/wp-cnet\/wp-json\/wp\/v2\/comments?post=48638"}],"version-history":[{"count":1,"href":"https:\/\/catolicanet.net\/wp-cnet\/wp-json\/wp\/v2\/posts\/48638\/revisions"}],"predecessor-version":[{"id":48640,"href":"https:\/\/catolicanet.net\/wp-cnet\/wp-json\/wp\/v2\/posts\/48638\/revisions\/48640"}],"wp:featuredmedia":[{"embeddable":true,"href":"https:\/\/catolicanet.net\/wp-cnet\/wp-json\/wp\/v2\/media\/48639"}],"wp:attachment":[{"href":"https:\/\/catolicanet.net\/wp-cnet\/wp-json\/wp\/v2\/media?parent=48638"}],"wp:term":[{"taxonomy":"category","embeddable":true,"href":"https:\/\/catolicanet.net\/wp-cnet\/wp-json\/wp\/v2\/categories?post=48638"},{"taxonomy":"post_tag","embeddable":true,"href":"https:\/\/catolicanet.net\/wp-cnet\/wp-json\/wp\/v2\/tags?post=48638"}],"curies":[{"name":"wp","href":"https:\/\/api.w.org\/{rel}","templated":true}]}}