{"id":48621,"date":"2019-04-23T09:59:32","date_gmt":"2019-04-23T12:59:32","guid":{"rendered":"http:\/\/catolicanet.net\/wp-cnet\/?p=48621"},"modified":"2019-04-26T10:02:11","modified_gmt":"2019-04-26T13:02:11","slug":"a-festa-da-misericordia","status":"publish","type":"post","link":"https:\/\/catolicanet.net\/wp-cnet\/a-festa-da-misericordia\/","title":{"rendered":"A Festa da Miseric\u00f3rdia"},"content":{"rendered":"<p style=\"margin: 0cm; margin-bottom: .0001pt; text-align: center;\" align=\"center\"><b><span style=\"font-size: 14.0pt; color: black;\">\u00a0<\/span><\/b><\/p>\n<p style=\"margin: 0cm; margin-bottom: .0001pt; text-align: right;\" align=\"right\"><i><span style=\"color: black;\">* Padre U\u00e9lisson Pereira<\/span><\/i><\/p>\n<p style=\"margin: 0cm; margin-bottom: .0001pt; text-align: justify; text-indent: 35.0pt;\"><span style=\"color: black;\">A Igreja celebra no primeiro domingo ap\u00f3s a P\u00e1scoa: a Festa da Miseric\u00f3rdia. Foi o pr\u00f3prio Jesus quem a quis e at\u00e9 escolheu a data. A Festa da Miseric\u00f3rdia \u00e9 um momento sublime em que Jesus d\u00e1 \u00e0 humanidade o maior conhecimento da imensid\u00e3o de Sua Miseric\u00f3rdia e, com isso, os pecadores podem louvar e glorificar a miseric\u00f3rdia de Jesus.<\/span><\/p>\n<p style=\"margin: 0cm; margin-bottom: .0001pt; text-align: justify; text-indent: 35.0pt;\"><span style=\"color: black;\">Santa Faustina, m\u00edstica polonesa, recebeu a revela\u00e7\u00e3o de Jesus Misericordioso entre 1931 e 1938. Nas diversas apari\u00e7\u00f5es e revela\u00e7\u00f5es, Ele pedia \u00e0 religiosa que pintasse uma imagem e que divulgasse para o mundo a devo\u00e7\u00e3o \u00e0 Divina Miseric\u00f3rdia. Entre as cinco formas de exercitar o culto \u00e0 Miseric\u00f3rdia, o quadro foi o primeiro. Jesus disse a Santa Faustina: \u201cPinta uma Imagem de acordo com o modelo que est\u00e1s vendo, com a inscri\u00e7\u00e3o: Jesus, eu confio em V\u00f3s. Desejo que esta Imagem seja venerada, primeiramente, na vossa capela e, depois, no mundo inteiro\u201d (Di\u00e1rio de Santa Faustina 47).<\/span><\/p>\n<p style=\"margin: 0cm; margin-bottom: .0001pt; text-align: justify; text-indent: 35.0pt;\"><span style=\"color: black;\">Al\u00e9m da venera\u00e7\u00e3o do quadro, outro pedido de Jesus a Santa Faustina foi a Festa da Miseric\u00f3rdia: \u201cMinha filha \u2013 olha para o abismo da Minha miseric\u00f3rdia e d\u00e1 a esta miseric\u00f3rdia louvor e gl\u00f3ria. Faze-o da seguinte maneira: re\u00fane todos os pecadores do mundo inteiro e mergulha-os no abismo da Minha miseric\u00f3rdia. Minha filha, quero entregar-Me \u00e0s almas, desejo almas. Na Minha Festa \u2013 na Festa da Miseric\u00f3rdia \u2013 percorrer\u00e1s o mundo inteiro e trar\u00e1s as almas que desfalecem para a fonte da Minha miseric\u00f3rdia. Eu as curarei e fortalecerei\u201d (Di\u00e1rio de Santa Faustina 206).<\/span><\/p>\n<p style=\"margin: 0cm; margin-bottom: .0001pt; text-align: justify; text-indent: 35.0pt;\"><span style=\"color: black;\">O dia escolhido por Jesus foi o primeiro domingo depois da P\u00e1scoa, pois na P\u00e1scoa celebramos solenemente a vit\u00f3ria de Jesus sobre o pecado e a morte. O auge do seu amor, levou-o a se entregar livremente nas m\u00e3os dos homens e a viver o Mist\u00e9rio Pascal. Dentro da \u201corganiza\u00e7\u00e3o\u201d da Festa, Jesus pediu para que aben\u00e7oasse solenemente o quadro que cont\u00e9m Sua estampa e que no dia da Festa falasse ao \u201cmundo inteiro desta Minha grande miseric\u00f3rdia, que aquele que nesse dia se aproximar da Fonte da Vida alcan\u00e7ar\u00e1 o perd\u00e3o total das culpas e das penas\u201d (Di\u00e1rio de Santa Faustina 299-300).<\/span><\/p>\n<p style=\"margin: 0cm; margin-bottom: .0001pt; text-align: justify; text-indent: 35.0pt;\"><span style=\"color: black;\">Interessante que o saudoso papa S\u00e3o Jo\u00e3o Paulo II, quando era cardeal de Crac\u00f3via, na Pol\u00f4nia, pediu para que se fizesse a abertura do processo sobre a devo\u00e7\u00e3o e as vis\u00f5es de Santa Faustina, porque em 1959 a devo\u00e7\u00e3o \u00e0 Divina Miseric\u00f3rdia tinha sido proibida na Pol\u00f4nia, por conta de alguns erros de interpreta\u00e7\u00e3o e, com isso, o Di\u00e1rio de Santa Faustina era colocado como os escritos proibidos da \u00e9poca. <\/span><\/p>\n<p style=\"margin: 0cm; margin-bottom: .0001pt; text-align: justify; text-indent: 35.0pt;\"><span style=\"color: black;\">Foi no Jubileu do ano 2000 que o, naquela \u00e9poca, papa Jo\u00e3o Paulo II, solenemente proclamou que o primeiro domingo ap\u00f3s a P\u00e1scoa \u201cde agora em diante na Igreja inteira tomar\u00e1 o nome de Domingo da Divina Miseric\u00f3rdia\u201d. Assim, essa foi inserida no calend\u00e1rio lit\u00fargico de toda Igreja.<\/span><\/p>\n<p style=\"margin: 0cm; margin-bottom: .0001pt; text-align: justify; text-indent: 35.0pt;\"><span style=\"color: black;\">Para enriquecer a Festa da Miseric\u00f3rdia, o papa S\u00e3o Jo\u00e3o Paulo II, em 2002, pediu que fosse concedida indulg\u00eancia plen\u00e1ria para todos que cumprissem as seguintes condi\u00e7\u00f5es: realizar a confiss\u00e3o sacramental, comungar no dia da Festa e rezar pelas inten\u00e7\u00f5es do Santo Padre as ora\u00e7\u00f5es do Pai Nosso, Ave Maria e Credo.<\/span><\/p>\n<p style=\"margin: 0cm; margin-bottom: .0001pt; text-align: justify; text-indent: 35.0pt;\"><span style=\"color: black;\">Na Can\u00e7\u00e3o Nova, desde 2002, acontece a Festa da Miseric\u00f3rdia, e notamos o n\u00famero crescente de pessoas que atendem ao convite de Jesus e v\u00eam para esta Festa. No in\u00edcio, era somente no domingo que se realizava o evento. Atualmente a Festa da Miseric\u00f3rdia se tornou um acampamento, que ter\u00e1 como tema em 2019: \u201cEnquanto \u00e9 tempo recorram \u00e0 fonte da Miseric\u00f3rdia\u201d (Di\u00e1rio de Santa Faustina 848). <\/span><\/p>\n<p style=\"margin: 0cm; margin-bottom: .0001pt; text-align: justify; text-indent: 35.0pt;\"><span style=\"color: black;\">Estamos no tempo da Miseric\u00f3rdia, e isto indica que um dia chegar\u00e1 o tempo da justi\u00e7a de Deus. Portanto, se n\u00e3o aproveitarmos este tempo de miseric\u00f3rdia, corremos grande risco de nos perdermos eternamente. Recorramos, com confian\u00e7a, \u00e0 fonte da Miseric\u00f3rdia. Eis o tempo prop\u00edcio! <\/span><\/p>\n<p style=\"margin: 0cm; margin-bottom: .0001pt; text-align: justify;\"><b><i><span style=\"color: black;\">* Padre U\u00e9lisson Pereira<\/span><\/i><\/b><i><span style=\"color: black;\"> \u00e9 mission\u00e1rio da Comunidade Can\u00e7\u00e3o Nova.<\/span><\/i><\/p>\n","protected":false},"excerpt":{"rendered":"<p>\u00a0 * Padre U\u00e9lisson Pereira A Igreja celebra no primeiro domingo ap\u00f3s a P\u00e1scoa: a Festa da Miseric\u00f3rdia. Foi o pr\u00f3prio Jesus quem a quis e at\u00e9 escolheu a data. A Festa da Miseric\u00f3rdia \u00e9 um momento sublime em que Jesus d\u00e1 \u00e0 humanidade o maior conhecimento da imensid\u00e3o de Sua Miseric\u00f3rdia e, com isso, [&hellip;]<\/p>\n","protected":false},"author":1,"featured_media":48622,"comment_status":"open","ping_status":"closed","sticky":false,"template":"","format":"standard","meta":{"footnotes":""},"categories":[9],"tags":[],"class_list":["post-48621","post","type-post","status-publish","format-standard","has-post-thumbnail","hentry","category-artigos"],"_links":{"self":[{"href":"https:\/\/catolicanet.net\/wp-cnet\/wp-json\/wp\/v2\/posts\/48621","targetHints":{"allow":["GET"]}}],"collection":[{"href":"https:\/\/catolicanet.net\/wp-cnet\/wp-json\/wp\/v2\/posts"}],"about":[{"href":"https:\/\/catolicanet.net\/wp-cnet\/wp-json\/wp\/v2\/types\/post"}],"author":[{"embeddable":true,"href":"https:\/\/catolicanet.net\/wp-cnet\/wp-json\/wp\/v2\/users\/1"}],"replies":[{"embeddable":true,"href":"https:\/\/catolicanet.net\/wp-cnet\/wp-json\/wp\/v2\/comments?post=48621"}],"version-history":[{"count":2,"href":"https:\/\/catolicanet.net\/wp-cnet\/wp-json\/wp\/v2\/posts\/48621\/revisions"}],"predecessor-version":[{"id":48624,"href":"https:\/\/catolicanet.net\/wp-cnet\/wp-json\/wp\/v2\/posts\/48621\/revisions\/48624"}],"wp:featuredmedia":[{"embeddable":true,"href":"https:\/\/catolicanet.net\/wp-cnet\/wp-json\/wp\/v2\/media\/48622"}],"wp:attachment":[{"href":"https:\/\/catolicanet.net\/wp-cnet\/wp-json\/wp\/v2\/media?parent=48621"}],"wp:term":[{"taxonomy":"category","embeddable":true,"href":"https:\/\/catolicanet.net\/wp-cnet\/wp-json\/wp\/v2\/categories?post=48621"},{"taxonomy":"post_tag","embeddable":true,"href":"https:\/\/catolicanet.net\/wp-cnet\/wp-json\/wp\/v2\/tags?post=48621"}],"curies":[{"name":"wp","href":"https:\/\/api.w.org\/{rel}","templated":true}]}}