{"id":48589,"date":"2019-04-25T08:34:48","date_gmt":"2019-04-25T11:34:48","guid":{"rendered":"http:\/\/catolicanet.net\/wp-cnet\/?p=48589"},"modified":"2019-04-25T08:34:48","modified_gmt":"2019-04-25T11:34:48","slug":"pemsa-recebe-convite-para-se-apresentar-no-theatro-municipal-de-sao-paulo","status":"publish","type":"post","link":"https:\/\/catolicanet.net\/wp-cnet\/pemsa-recebe-convite-para-se-apresentar-no-theatro-municipal-de-sao-paulo\/","title":{"rendered":"PEMSA recebe convite para se apresentar no Theatro Municipal de S\u00e3o Paulo"},"content":{"rendered":"<h2>Maestro Jo\u00e3o Carlos Martins surpreende integrantes do PEMSA com o convite para se apresentarem em um dos principais teatros do Brasil<\/h2>\n<p>A tarde de <b>segunda-feira (22)<\/b> foi de alegria e surpresa para os integrantes do<a href=\"https:\/\/www.a12.com\/santuario\/obras\/sociais\/pemsa\" target=\"_blank\" rel=\"noopener noreferrer\"> Projeto de Educa\u00e7\u00e3o Musical do Santu\u00e1rio de Aparecida<\/a> (PEMSA). O renomado <b>pianista e maestro Jo\u00e3o Carlos Martins<\/b>\u00a0conheceu as depend\u00eancias do projeto e acompanhou diversas<b> apresenta\u00e7\u00f5es dos usu\u00e1rios <\/b>das oficinas oferecidas na <a href=\"https:\/\/www.a12.com\/santuario\/obras\/sociais\" target=\"_blank\" rel=\"noopener noreferrer\">obra social<\/a>.<\/p>\n<p>O m\u00fasico foi recebido pela gerente administrativa do PEMSA, <b>Patr\u00edcia Filardo<\/b>, o reitor do Santu\u00e1rio, <b>padre Eduardo Catalfo,<\/b> e colaboradores do projeto. Logo na sua chegada, <b>o maestro foi surpreendido com a apresenta\u00e7\u00e3o do grupo de guitarra e viol\u00e3o<\/b>, al\u00e9m dos olhares atentos dos usu\u00e1rios que circundavam as sacadas do pr\u00e9dio para n\u00e3o perder a entrada do convidado ilustre.<\/p>\n<div class=\"image\" contenteditable=\"false\"><span class=\"image__credit\">Mar\u00edlia Ribeiro<\/span><br \/>\n<img decoding=\"async\" title=\"Mar\u00edlia Ribeiro\" src=\"https:\/\/www.a12.com\/source\/files\/originals\/Maestro_Joao_Carlos_Martins_no_PEMSA_-_abril2019-791499.jpg\" alt=\"Mar\u00edlia Ribeiro\" data-id=\"211279\" \/><\/div>\n<p>Na sequ\u00eancia, o maestro foi conduzido ao audit\u00f3rio para conferir a performance das <b>oficinas de musicaliza\u00e7\u00e3o<\/b> com usu\u00e1rios de 7 a 8 anos, <b>grupo de violinos, oficina de violoncelo<\/b>, <b>canto coral<\/b> e, por fim, a apresenta\u00e7\u00e3o da <b>orquestra PEMSA,<\/b> formada por instrutores e usu\u00e1rios.<\/p>\n<p>A cada m\u00fasica, <b>Jo\u00e3o Carlos Martins conversava com os integrantes<\/b> e com o maestro da oficina, <b>dava dicas<\/b> &#8211;\u00a0como ele mesmo dizia, \u201cpalpites\u201d &#8211; e ainda pedia para repetir as <b>can\u00e7\u00f5es sob a sua reg\u00eancia<\/b>.<\/p>\n<p>Entre as suas principais orienta\u00e7\u00f5es, destacou <b>a import\u00e2ncia de transmitir emo\u00e7\u00e3o<\/b>, o<b> cuidado com a afina\u00e7\u00e3o<\/b> e a <b>dedica\u00e7\u00e3o aos ensaios<\/b>. Martins ainda sugeriu <b>ensaios em duplas<\/b>, para que um possa ajudar o outro na melhora do desempenho.<\/p>\n<div class=\"wg-gallery active\"><\/div>\n<p>Ap\u00f3s todas as apresenta\u00e7\u00f5es, satisfeito, o maestro<b>\u00a0lan\u00e7ou um convite ao PEMSA:<\/b>\u00a0\u201cTenho um desafio para voc\u00eas! No dia <b>17 de novembro<\/b>, voc\u00eas v\u00e3o caprichar bastante, todo mundo vai trabalhar e voc\u00eas v\u00e3o tocar esse <b><i>pot-pourri<\/i><\/b> que fizeram aqui, <b>no Theatro Municipal de S\u00e3o Paulo<\/b>\u201d.<\/p>\n<div class=\"image\" contenteditable=\"false\"><span class=\"image__credit\">Thiago Leon<\/span><br \/>\n<img decoding=\"async\" title=\"Thiago Leon\" src=\"https:\/\/www.a12.com\/source\/files\/originals\/Maestro_Joao_Carlos_Martins_no_PEMSA_-_abril2019-397139.jpg\" alt=\"Thiago Leon\" data-id=\"211268\" \/><\/div>\n<p>Com esse an\u00fancio, a emo\u00e7\u00e3o tomou conta de todos os presentes e o maestro respons\u00e1vel pela Orquestra PEMSA, <b>Altair de Oliveira Lobato<\/b> expressou sua alegria com a surpresa:<b> \u201cO senhor nos deu o maior presente com esta oportunidade!\u201d<\/b>, agradeceu ele.<\/p>\n<p>O <b>maestro Jo\u00e3o Carlos Martins<\/b> afirmou: \u201cO que eu vi aqui hoje n\u00e3o \u00e9 lindo, nem bonito, <b>\u00e9 fant\u00e1stico<\/b>. Eu n\u00e3o teria feito esse convite para a orquestra e o coral simplesmente para agradar. <b>Voc\u00eas me proporcionaram emo\u00e7\u00e3o<\/b>\u201d, disse o maestro.<\/p>\n<div class=\"image\" contenteditable=\"false\"><span class=\"image__credit\">Thiago Leon<\/span><br \/>\n<img decoding=\"async\" title=\"Thiago Leon\" src=\"https:\/\/www.a12.com\/source\/files\/originals\/Maestro_Joao_Carlos_Martins_no_PEMSA_-_abril2019-892623.jpg\" alt=\"Thiago Leon\" data-id=\"211273\" \/><\/div>\n<p>\u201cAchei o <b>Projeto PEMSA um exemplo para Aparecida, para o Vale, para o estado de S\u00e3o Paulo e para o Brasil<\/b>. Eu me entusiasmo sabendo que esse projeto tem <b>pessoas que o incentivam atrav\u00e9s de doa\u00e7\u00f5es<\/b> e a \u00fanica coisa que eu posso dizer \u00e9 o seguinte: <b>continuem a fazer isso<\/b>, porque voc\u00eas v\u00e3o fazer com que cada vez mais esse grupo d\u00ea <b>orgulho ao nosso pa\u00eds<\/b>\u201d, frisou.<\/p>\n<div class=\"image\" contenteditable=\"false\"><span class=\"image__credit\">Thiago Leon<\/span><br \/>\n<img decoding=\"async\" title=\"Thiago Leon\" src=\"https:\/\/www.a12.com\/source\/files\/originals\/Maestro_Joao_Carlos_Martins_no_PEMSA_-_abril2019-622033.jpg\" alt=\"Thiago Leon\" data-id=\"211266\" \/><\/div>\n<p>Para o reitor do Santu\u00e1rio Nacional, <b>padre Eduardo Catalfo,<\/b> a visita confirma a preocupa\u00e7\u00e3o do Santu\u00e1rio, que \u00e9 <b>fazer com que as crian\u00e7as tenham novas oportunidades<\/b>. \u201cO maestro Jo\u00e3o Carlos Martins \u00e9 um grande nome na m\u00fasica cl\u00e1ssica do Brasil e a presen\u00e7a dele entre n\u00f3s, no Projeto PEMSA, \u00e9 de muita alegria. <b>N\u00f3s nos sentimos lisonjeados,\u00a0<\/b>n\u00e3o s\u00f3 com a presen\u00e7a dele, mas com esse <b>convite especial de fazer parte desse projeto maior<\/b>. A obra social do <b>Santu\u00e1rio se preocupa muito em incentivar e motivar as nossas crian\u00e7as<\/b>, fazendo com que elas, atrav\u00e9s da m\u00fasica, ganhem novos horizontes de vida\u201d, explicou.<\/p>\n<div class=\"image\" contenteditable=\"false\"><span class=\"image__credit\">Thiago Leon<\/span><br \/>\n<img decoding=\"async\" title=\"Thiago Leon\" src=\"https:\/\/www.a12.com\/source\/files\/originals\/Maestro_Joao_Carlos_Martins_no_PEMSA_-_abril2019-918806.jpg\" alt=\"Thiago Leon\" data-id=\"211277\" \/><\/div>\n<p>A<b> Orquestra e o Coral PEMSA<\/b> <b>v\u00e3o abrir a temporada oficial da Orquestra Bachiana Filarm\u00f4nica SESI-SP, no Theatro Municipal de S\u00e3o Paulo,<\/b> no dia <b>17 de novembro, \u00e0s 12h<\/b>. O Theatro \u00e9 um dos mais importantes do Brasil e <b>um dos cart\u00f5es postais da cidade de S\u00e3o Paulo<\/b>,<b>\u00a0<\/b>sendo refer\u00eancia em grandes espet\u00e1culos com artistas consagrados.<\/p>\n","protected":false},"excerpt":{"rendered":"<p>Maestro Jo\u00e3o Carlos Martins surpreende integrantes do PEMSA com o convite para se apresentarem em um dos principais teatros do Brasil A tarde de segunda-feira (22) foi de alegria e surpresa para os integrantes do Projeto de Educa\u00e7\u00e3o Musical do Santu\u00e1rio de Aparecida (PEMSA). O renomado pianista e maestro Jo\u00e3o Carlos Martins\u00a0conheceu as depend\u00eancias do [&hellip;]<\/p>\n","protected":false},"author":1,"featured_media":48590,"comment_status":"open","ping_status":"closed","sticky":false,"template":"","format":"standard","meta":{"footnotes":""},"categories":[4],"tags":[],"class_list":["post-48589","post","type-post","status-publish","format-standard","has-post-thumbnail","hentry","category-cotidiano"],"_links":{"self":[{"href":"https:\/\/catolicanet.net\/wp-cnet\/wp-json\/wp\/v2\/posts\/48589","targetHints":{"allow":["GET"]}}],"collection":[{"href":"https:\/\/catolicanet.net\/wp-cnet\/wp-json\/wp\/v2\/posts"}],"about":[{"href":"https:\/\/catolicanet.net\/wp-cnet\/wp-json\/wp\/v2\/types\/post"}],"author":[{"embeddable":true,"href":"https:\/\/catolicanet.net\/wp-cnet\/wp-json\/wp\/v2\/users\/1"}],"replies":[{"embeddable":true,"href":"https:\/\/catolicanet.net\/wp-cnet\/wp-json\/wp\/v2\/comments?post=48589"}],"version-history":[{"count":1,"href":"https:\/\/catolicanet.net\/wp-cnet\/wp-json\/wp\/v2\/posts\/48589\/revisions"}],"predecessor-version":[{"id":48591,"href":"https:\/\/catolicanet.net\/wp-cnet\/wp-json\/wp\/v2\/posts\/48589\/revisions\/48591"}],"wp:featuredmedia":[{"embeddable":true,"href":"https:\/\/catolicanet.net\/wp-cnet\/wp-json\/wp\/v2\/media\/48590"}],"wp:attachment":[{"href":"https:\/\/catolicanet.net\/wp-cnet\/wp-json\/wp\/v2\/media?parent=48589"}],"wp:term":[{"taxonomy":"category","embeddable":true,"href":"https:\/\/catolicanet.net\/wp-cnet\/wp-json\/wp\/v2\/categories?post=48589"},{"taxonomy":"post_tag","embeddable":true,"href":"https:\/\/catolicanet.net\/wp-cnet\/wp-json\/wp\/v2\/tags?post=48589"}],"curies":[{"name":"wp","href":"https:\/\/api.w.org\/{rel}","templated":true}]}}