{"id":48586,"date":"2019-04-25T08:27:29","date_gmt":"2019-04-25T11:27:29","guid":{"rendered":"http:\/\/catolicanet.net\/wp-cnet\/?p=48586"},"modified":"2019-04-25T08:27:29","modified_gmt":"2019-04-25T11:27:29","slug":"com-novidades-na-programacao-romaria-atrai-jovens-com-musica-e-reflexao-sobre-a-vida","status":"publish","type":"post","link":"https:\/\/catolicanet.net\/wp-cnet\/com-novidades-na-programacao-romaria-atrai-jovens-com-musica-e-reflexao-sobre-a-vida\/","title":{"rendered":"Com novidades na programa\u00e7\u00e3o, Romaria atrai jovens com m\u00fasica e reflex\u00e3o sobre a vida"},"content":{"rendered":"<p>Diversas express\u00f5es juvenis da Igreja Cat\u00f3lica se re\u00fanem no <a href=\"https:\/\/www.a12.com\/santuario\">Santu\u00e1rio de Aparecida<\/a> (SP) no pr\u00f3ximo s\u00e1bado (27) na Romaria Nacional da Juventude. Com momentos de ora\u00e7\u00e3o, reflex\u00e3o e divers\u00e3o, o encontro dos jovens cat\u00f3licos reflete, neste ano, o tema \u201cMaria: Paix\u00e3o pela vida e pelo Senhor da vida\u201d.<\/p>\n<p>Organizada pelos <a href=\"https:\/\/www.a12.com\/jovensdemaria\">Jovens de Maria<\/a>, pastoral jovem do Santu\u00e1rio Nacional, em parceria com a Comiss\u00e3o Episcopal para a Juventude da<a href=\"http:\/\/www.cnbb.org.br\/\"> CNBB<\/a> (CEPJ), a Romaria j\u00e1 \u00e9 tradicional no maior templo mariano do mundo. A atividade, surgida na d\u00e9cada de 90, foi reformulada em 2015 e assumiu um formato mais leve e arrojado.<\/p>\n<p>\u201cA cada ano temos uma tem\u00e1tica ligada \u00e0 Maria ou a um tema em destaque para a Igreja no momento. A romaria tem tamb\u00e9m uma identidade de forma\u00e7\u00e3o de lideran\u00e7as, catequese, testemunhos, missa, confer\u00eancia, caminhada e um evento \u00e0 noite com m\u00fasica\u201d, explica o assessor da Comiss\u00e3o Episcopal Pastoral para a Juventude, padre Ant\u00f4nio Ramos do Prado, sdb.<\/p>\n<p>Neste ano, a programa\u00e7\u00e3o tamb\u00e9m ganhou novo formato, se iniciando \u00e0s 13h30 com a acolhida dos jovens no interior da Bas\u00edlica. Ainda durante a tarde acontece a catequese, adora\u00e7\u00e3o ao Sant\u00edssimo Sacramento e a tradicional Consagra\u00e7\u00e3o a Nossa Senhora Aparecida.<\/p>\n<p>Depois de uma pausa, as atividades seguem no per\u00edodo da noite, \u00e0s 18h, quando acontece a missa solene no Altar Central da Bas\u00edlica. \u00c0s 19h, uma prociss\u00e3o percorre o p\u00e1tio do Santu\u00e1rio com a imagem de Nossa Senhora Aparecida, que ser\u00e1 levada pelos jovens.<\/p>\n<p>Outra atra\u00e7\u00e3o que ganhou nova roupagem nesta edi\u00e7\u00e3o foi o show, que neste ano ganha um clima mais leve e intimista, acontecendo em formato de Luau. Tendo como plano de fundo o maior templo mariano do mundo, a atividade acontece no estacionamento intermedi\u00e1rio, localizado atr\u00e1s do Morro do Pres\u00e9pio, encerrando a Romaria.<\/p>\n<p>A m\u00fasica fica por conta do cantor Danilo Casemiro, que promete levar ao palco v\u00e1rios estilos musicais, para agradar todas as express\u00f5es juvenis reunidas na peregrina\u00e7\u00e3o. \u201cAcho que esse Luau vai ser muito importante, porque \u00e9 um sonho estar na Casa da M\u00e3e. Vai ser muito <i>top<\/i> fazer esse momento\u201d, conta o m\u00fasico.<\/p>\n<p>Ainda durante a Romaria, grupos de jovens paroquiais de todo o pa\u00eds participam de um encontro pensado para eles. Chamado de #Conecta, o momento vai apresentar o Regimento para os Grupos de Jovens Paroquiais do Brasil. O documento disp\u00f5e normas e procedimentos para estas express\u00f5es juvenis seguirem nos seus projetos de evangeliza\u00e7\u00e3o. Tamb\u00e9m durante o encontro, que acontece no Audit\u00f3rio Padre No\u00e9 Sotillo, ser\u00e3o indicados pelos participantes dois jovens para representar os Grupos de Jovens Paroquiais na Coordena\u00e7\u00e3o Nacional da Pastoral Juvenil.<\/p>\n<p>A participa\u00e7\u00e3o na Romaria \u00e9 gratuita, mas os grupos paroquiais s\u00e3o convidados a realizarem sua inscri\u00e7\u00e3o por meio do site jovensconectados.org.br. Os cadastros podem ser feitos por um representante do grupo de romeiros informando os seus dados pessoais, quantidade de peregrinos, meio de transporte que ser\u00e1 usado, entre outros itens.<\/p>\n","protected":false},"excerpt":{"rendered":"<p>Diversas express\u00f5es juvenis da Igreja Cat\u00f3lica se re\u00fanem no Santu\u00e1rio de Aparecida (SP) no pr\u00f3ximo s\u00e1bado (27) na Romaria Nacional da Juventude. Com momentos de ora\u00e7\u00e3o, reflex\u00e3o e divers\u00e3o, o encontro dos jovens cat\u00f3licos reflete, neste ano, o tema \u201cMaria: Paix\u00e3o pela vida e pelo Senhor da vida\u201d. Organizada pelos Jovens de Maria, pastoral jovem [&hellip;]<\/p>\n","protected":false},"author":1,"featured_media":48587,"comment_status":"open","ping_status":"closed","sticky":false,"template":"","format":"standard","meta":{"footnotes":""},"categories":[4],"tags":[],"class_list":["post-48586","post","type-post","status-publish","format-standard","has-post-thumbnail","hentry","category-cotidiano"],"_links":{"self":[{"href":"https:\/\/catolicanet.net\/wp-cnet\/wp-json\/wp\/v2\/posts\/48586","targetHints":{"allow":["GET"]}}],"collection":[{"href":"https:\/\/catolicanet.net\/wp-cnet\/wp-json\/wp\/v2\/posts"}],"about":[{"href":"https:\/\/catolicanet.net\/wp-cnet\/wp-json\/wp\/v2\/types\/post"}],"author":[{"embeddable":true,"href":"https:\/\/catolicanet.net\/wp-cnet\/wp-json\/wp\/v2\/users\/1"}],"replies":[{"embeddable":true,"href":"https:\/\/catolicanet.net\/wp-cnet\/wp-json\/wp\/v2\/comments?post=48586"}],"version-history":[{"count":1,"href":"https:\/\/catolicanet.net\/wp-cnet\/wp-json\/wp\/v2\/posts\/48586\/revisions"}],"predecessor-version":[{"id":48588,"href":"https:\/\/catolicanet.net\/wp-cnet\/wp-json\/wp\/v2\/posts\/48586\/revisions\/48588"}],"wp:featuredmedia":[{"embeddable":true,"href":"https:\/\/catolicanet.net\/wp-cnet\/wp-json\/wp\/v2\/media\/48587"}],"wp:attachment":[{"href":"https:\/\/catolicanet.net\/wp-cnet\/wp-json\/wp\/v2\/media?parent=48586"}],"wp:term":[{"taxonomy":"category","embeddable":true,"href":"https:\/\/catolicanet.net\/wp-cnet\/wp-json\/wp\/v2\/categories?post=48586"},{"taxonomy":"post_tag","embeddable":true,"href":"https:\/\/catolicanet.net\/wp-cnet\/wp-json\/wp\/v2\/tags?post=48586"}],"curies":[{"name":"wp","href":"https:\/\/api.w.org\/{rel}","templated":true}]}}