{"id":48578,"date":"2019-04-24T14:28:06","date_gmt":"2019-04-24T17:28:06","guid":{"rendered":"http:\/\/catolicanet.net\/wp-cnet\/?p=48578"},"modified":"2019-04-24T14:28:06","modified_gmt":"2019-04-24T17:28:06","slug":"funchal-cristaos-da-ilha-da-madeira-celebram-o-voto-de-sao-tiago-menor","status":"publish","type":"post","link":"https:\/\/catolicanet.net\/wp-cnet\/funchal-cristaos-da-ilha-da-madeira-celebram-o-voto-de-sao-tiago-menor\/","title":{"rendered":"Funchal: Crist\u00e3os da Ilha da Madeira celebram o voto de S\u00e3o Tiago Menor"},"content":{"rendered":"<p>Funchal, 24 abr 2019 (Ecclesia) \u2013 A Diocese do Funchal e a edilidade local celebram, dia 01 de maio, o voto de S\u00e3o Tiago Menor com uma prociss\u00e3o desde a S\u00e9 at\u00e9 \u00e0 Igreja paroquial do Socorro, em Santa Maria Maior.<\/p>\n<p>Esta prociss\u00e3o do voto ao \u201cnosso padroeiro est\u00e1 integrada nos 600 anos dos Descobrimentos da Madeira e do Porto Santo\u201d, real\u00e7a uma nota enviada \u00e0 Ag\u00eancia ECCLESIA.<\/p>\n<p>A personalidade do povo madeirense \u201csempre foi moldada por situa\u00e7\u00f5es dolorosas, tais como: ataques dos piratas, epidemias, aluvi\u00f5es e mais recentemente os inc\u00eandios\u201d.<\/p>\n<p>Este mesmo povo, em \u201choras de amargura\u201d, nunca deixou de recorrer \u00e0 prote\u00e7\u00e3o do C\u00e9u, nomeadamente, quando \u201ca peste assolou a popula\u00e7\u00e3o, nas primeiras d\u00e9cadas do s\u00e9culo XVI\u201d.<\/p>\n<p>A caminho da celebra\u00e7\u00e3o dos 500 anos, daquele long\u00ednquo 01 de maio de 1521, quando \u201ca peste dizimava a vida de tantos madeirenses\u201d, nesse mesmo dia \u201ctodo o povo de Deus, clero e autoridades, reunidos, na S\u00e9 do Funchal, elegeram S\u00e3o Tiago, como Padroeiro da cidade do Funchal\u201d, revela o comunicado.<\/p>\n<p>Como \u201csinal de gratid\u00e3o\u201d fez-se a promessa de construir uma Igreja em sua honra e fazer uma prociss\u00e3o que, atualmente, se realiza entre a S\u00e9 e a Igreja de Santa Maria Maior, que est\u00e1 denominada como prociss\u00e3o o \u00abVoto de S\u00e3o Tiago\u00bb.<\/p>\n","protected":false},"excerpt":{"rendered":"<p>Funchal, 24 abr 2019 (Ecclesia) \u2013 A Diocese do Funchal e a edilidade local celebram, dia 01 de maio, o voto de S\u00e3o Tiago Menor com uma prociss\u00e3o desde a S\u00e9 at\u00e9 \u00e0 Igreja paroquial do Socorro, em Santa Maria Maior. Esta prociss\u00e3o do voto ao \u201cnosso padroeiro est\u00e1 integrada nos 600 anos dos Descobrimentos [&hellip;]<\/p>\n","protected":false},"author":1,"featured_media":48579,"comment_status":"open","ping_status":"closed","sticky":false,"template":"","format":"standard","meta":{"footnotes":""},"categories":[4],"tags":[],"class_list":["post-48578","post","type-post","status-publish","format-standard","has-post-thumbnail","hentry","category-cotidiano"],"_links":{"self":[{"href":"https:\/\/catolicanet.net\/wp-cnet\/wp-json\/wp\/v2\/posts\/48578","targetHints":{"allow":["GET"]}}],"collection":[{"href":"https:\/\/catolicanet.net\/wp-cnet\/wp-json\/wp\/v2\/posts"}],"about":[{"href":"https:\/\/catolicanet.net\/wp-cnet\/wp-json\/wp\/v2\/types\/post"}],"author":[{"embeddable":true,"href":"https:\/\/catolicanet.net\/wp-cnet\/wp-json\/wp\/v2\/users\/1"}],"replies":[{"embeddable":true,"href":"https:\/\/catolicanet.net\/wp-cnet\/wp-json\/wp\/v2\/comments?post=48578"}],"version-history":[{"count":1,"href":"https:\/\/catolicanet.net\/wp-cnet\/wp-json\/wp\/v2\/posts\/48578\/revisions"}],"predecessor-version":[{"id":48580,"href":"https:\/\/catolicanet.net\/wp-cnet\/wp-json\/wp\/v2\/posts\/48578\/revisions\/48580"}],"wp:featuredmedia":[{"embeddable":true,"href":"https:\/\/catolicanet.net\/wp-cnet\/wp-json\/wp\/v2\/media\/48579"}],"wp:attachment":[{"href":"https:\/\/catolicanet.net\/wp-cnet\/wp-json\/wp\/v2\/media?parent=48578"}],"wp:term":[{"taxonomy":"category","embeddable":true,"href":"https:\/\/catolicanet.net\/wp-cnet\/wp-json\/wp\/v2\/categories?post=48578"},{"taxonomy":"post_tag","embeddable":true,"href":"https:\/\/catolicanet.net\/wp-cnet\/wp-json\/wp\/v2\/tags?post=48578"}],"curies":[{"name":"wp","href":"https:\/\/api.w.org\/{rel}","templated":true}]}}