{"id":48575,"date":"2019-04-24T14:03:49","date_gmt":"2019-04-24T17:03:49","guid":{"rendered":"http:\/\/catolicanet.net\/wp-cnet\/?p=48575"},"modified":"2019-04-24T14:03:49","modified_gmt":"2019-04-24T17:03:49","slug":"igreja-conferencia-episcopal-portuguesa-vai-debater-protecao-de-menores-apos-cimeira-no-vaticano","status":"publish","type":"post","link":"https:\/\/catolicanet.net\/wp-cnet\/igreja-conferencia-episcopal-portuguesa-vai-debater-protecao-de-menores-apos-cimeira-no-vaticano\/","title":{"rendered":"Igreja: Confer\u00eancia Episcopal Portuguesa vai debater prote\u00e7\u00e3o de menores, ap\u00f3s cimeira no Vaticano"},"content":{"rendered":"<p>Carta pastoral sobre Portugal e a Europa, \u00ab\u00e0 luz da doutrina social da Igreja\u00bb \u00e9 outro dos temas centrais da assembleia plen\u00e1ria<\/p>\n<p>Lisboa, 24 abr 2019 (Ecclesia) \u2013 A pr\u00f3xima Assembleia Plen\u00e1ria da Confer\u00eancia Episcopal Portuguesa (CEP), que decorre de 29 de abril a 2 de maio, vai debater o tema da prote\u00e7\u00e3o de menores, ap\u00f3s a cimeira que decorreu em fevereiro, no Vaticano.<\/p>\n<p>De acordo com uma nota do Secretariado Geral da CEP, enviada \u00e0 Ag\u00eancia ECCLESIA, a reuni\u00e3o do organismo m\u00e1ximo do episcopado cat\u00f3lico vai ter lugar na Casa de Nossa Senhora das Dores, no Santu\u00e1rio de F\u00e1tima.<\/p>\n<p>A agenda do encontro prev\u00ea momentos de \u201cinforma\u00e7\u00e3o e di\u00e1logo\u201d sobre a cimeira promovido pelo Papa, que reuniu presidentes de episcopados e respons\u00e1veis de institutos religiosos sobre casos de abusos sexuais e diretrizes para a gest\u00e3o dessas situa\u00e7\u00f5es.<\/p>\n<p>Em ano de elei\u00e7\u00f5es europeias e legislativas, a CEP vai debater a carta pastoral \u2018Um olhar sobre Portugal e a Europa \u00e0 luz da doutrina social da Igreja\u2019.<\/p>\n<p>A prepara\u00e7\u00e3o da Jornada Mundial da Juventude 2022, em Lisboa, e a proposta comum para todas as Dioceses de \u201ccontributos por servi\u00e7os pastorais e atos administrativos\u201d s\u00e3o outros temas em cima da mesa.<\/p>\n<p>Os bispos cat\u00f3licos v\u00e3o regressar \u00e0 quest\u00e3o da prepara\u00e7\u00e3o para o casamento e o acompanhamento das fam\u00edlias, com a carta pastoral \u2018A alegria do amor no Matrim\u00f3nio crist\u00e3o\u2019.<\/p>\n<p>A sess\u00e3o de abertura, com discurso de D. Manuel Clemente, cardeal-patriarca de Lisboa e presidente da CEP, est\u00e1 marcada para as 16h00 de segunda-feira.<\/p>\n<p>Depois do encerramento da Assembleia, no dia 2 de maio, vai decorrer uma confer\u00eancia de imprensa, pelas 14h30, na qual ser\u00e1 apresentado o comunicado final.<\/p>\n<p>A CEP foi formalmente reconhecida a seguir ao Conc\u00edlio Vaticano II, em 1967, com a ratifica\u00e7\u00e3o pela Santa S\u00e9 dos primeiros Estatutos aprovados na Assembleia Plen\u00e1ria de 16 de maio, revistos posteriormente em 1977, 1984, 1999 e 2005.<\/p>\n<p>O Conselho Permanente re\u00fane-se todos os meses e a Assembleia Plen\u00e1ria, ordinariamente, duas vezes por ano.<\/p>\n","protected":false},"excerpt":{"rendered":"<p>Carta pastoral sobre Portugal e a Europa, \u00ab\u00e0 luz da doutrina social da Igreja\u00bb \u00e9 outro dos temas centrais da assembleia plen\u00e1ria Lisboa, 24 abr 2019 (Ecclesia) \u2013 A pr\u00f3xima Assembleia Plen\u00e1ria da Confer\u00eancia Episcopal Portuguesa (CEP), que decorre de 29 de abril a 2 de maio, vai debater o tema da prote\u00e7\u00e3o de menores, [&hellip;]<\/p>\n","protected":false},"author":1,"featured_media":48576,"comment_status":"open","ping_status":"closed","sticky":false,"template":"","format":"standard","meta":{"footnotes":""},"categories":[4],"tags":[],"class_list":["post-48575","post","type-post","status-publish","format-standard","has-post-thumbnail","hentry","category-cotidiano"],"_links":{"self":[{"href":"https:\/\/catolicanet.net\/wp-cnet\/wp-json\/wp\/v2\/posts\/48575","targetHints":{"allow":["GET"]}}],"collection":[{"href":"https:\/\/catolicanet.net\/wp-cnet\/wp-json\/wp\/v2\/posts"}],"about":[{"href":"https:\/\/catolicanet.net\/wp-cnet\/wp-json\/wp\/v2\/types\/post"}],"author":[{"embeddable":true,"href":"https:\/\/catolicanet.net\/wp-cnet\/wp-json\/wp\/v2\/users\/1"}],"replies":[{"embeddable":true,"href":"https:\/\/catolicanet.net\/wp-cnet\/wp-json\/wp\/v2\/comments?post=48575"}],"version-history":[{"count":1,"href":"https:\/\/catolicanet.net\/wp-cnet\/wp-json\/wp\/v2\/posts\/48575\/revisions"}],"predecessor-version":[{"id":48577,"href":"https:\/\/catolicanet.net\/wp-cnet\/wp-json\/wp\/v2\/posts\/48575\/revisions\/48577"}],"wp:featuredmedia":[{"embeddable":true,"href":"https:\/\/catolicanet.net\/wp-cnet\/wp-json\/wp\/v2\/media\/48576"}],"wp:attachment":[{"href":"https:\/\/catolicanet.net\/wp-cnet\/wp-json\/wp\/v2\/media?parent=48575"}],"wp:term":[{"taxonomy":"category","embeddable":true,"href":"https:\/\/catolicanet.net\/wp-cnet\/wp-json\/wp\/v2\/categories?post=48575"},{"taxonomy":"post_tag","embeddable":true,"href":"https:\/\/catolicanet.net\/wp-cnet\/wp-json\/wp\/v2\/tags?post=48575"}],"curies":[{"name":"wp","href":"https:\/\/api.w.org\/{rel}","templated":true}]}}