{"id":4857,"date":"2014-07-12T03:00:00","date_gmt":"2014-07-12T06:00:00","guid":{"rendered":"http:\/\/catolicanet.net\/wp-cnet\/12-de-julho\/"},"modified":"2017-04-06T09:50:38","modified_gmt":"2017-04-06T12:50:38","slug":"12-de-julho","status":"publish","type":"post","link":"https:\/\/catolicanet.net\/wp-cnet\/12-de-julho\/","title":{"rendered":"12 de julho"},"content":{"rendered":"<p style=\"text-align: center;\"><img decoding=\"async\" src=\"http:\/\/catolicanet.com.br\/images\/stories\/12julho.jpg\" border=\"0\" \/><\/p>\n<p>A Copa do Mundo fez encontrar-se pessoas de diferentes na\u00e7\u00f5es e religi\u00f5es. <br \/>Possa o desporto favorecer sempre a cultura do encontro. <br \/><strong>(Tu\u00edte do Papa Francisco)<\/strong><\/p>\n<p><\/p>\n<p><strong>Fonte:<\/strong> R\u00e1dio Vaticano<br \/><strong>Local:<\/strong> Cidade do Vaticano<\/p>\n","protected":false},"excerpt":{"rendered":"<p>A Copa do Mundo fez encontrar-se pessoas de diferentes na\u00e7\u00f5es e religi\u00f5es. Possa o desporto favorecer sempre a cultura do encontro. (Tu\u00edte do Papa Francisco) Fonte: R\u00e1dio VaticanoLocal: Cidade do Vaticano<\/p>\n","protected":false},"author":1,"featured_media":0,"comment_status":"closed","ping_status":"closed","sticky":false,"template":"","format":"standard","meta":{"footnotes":""},"categories":[4],"tags":[],"class_list":["post-4857","post","type-post","status-publish","format-standard","hentry","category-cotidiano"],"_links":{"self":[{"href":"https:\/\/catolicanet.net\/wp-cnet\/wp-json\/wp\/v2\/posts\/4857","targetHints":{"allow":["GET"]}}],"collection":[{"href":"https:\/\/catolicanet.net\/wp-cnet\/wp-json\/wp\/v2\/posts"}],"about":[{"href":"https:\/\/catolicanet.net\/wp-cnet\/wp-json\/wp\/v2\/types\/post"}],"author":[{"embeddable":true,"href":"https:\/\/catolicanet.net\/wp-cnet\/wp-json\/wp\/v2\/users\/1"}],"replies":[{"embeddable":true,"href":"https:\/\/catolicanet.net\/wp-cnet\/wp-json\/wp\/v2\/comments?post=4857"}],"version-history":[{"count":1,"href":"https:\/\/catolicanet.net\/wp-cnet\/wp-json\/wp\/v2\/posts\/4857\/revisions"}],"predecessor-version":[{"id":9742,"href":"https:\/\/catolicanet.net\/wp-cnet\/wp-json\/wp\/v2\/posts\/4857\/revisions\/9742"}],"wp:attachment":[{"href":"https:\/\/catolicanet.net\/wp-cnet\/wp-json\/wp\/v2\/media?parent=4857"}],"wp:term":[{"taxonomy":"category","embeddable":true,"href":"https:\/\/catolicanet.net\/wp-cnet\/wp-json\/wp\/v2\/categories?post=4857"},{"taxonomy":"post_tag","embeddable":true,"href":"https:\/\/catolicanet.net\/wp-cnet\/wp-json\/wp\/v2\/tags?post=4857"}],"curies":[{"name":"wp","href":"https:\/\/api.w.org\/{rel}","templated":true}]}}