{"id":48556,"date":"2019-04-24T08:47:41","date_gmt":"2019-04-24T11:47:41","guid":{"rendered":"http:\/\/catolicanet.net\/wp-cnet\/?p=48556"},"modified":"2019-04-24T08:47:41","modified_gmt":"2019-04-24T11:47:41","slug":"congresso-vocacional-do-brasil-recebe-inscricoes-para-sua-4a-edicao-em-aparecida-sp","status":"publish","type":"post","link":"https:\/\/catolicanet.net\/wp-cnet\/congresso-vocacional-do-brasil-recebe-inscricoes-para-sua-4a-edicao-em-aparecida-sp\/","title":{"rendered":"Congresso Vocacional do Brasil recebe inscri\u00e7\u00f5es para sua 4\u00aa edi\u00e7\u00e3o em Aparecida (SP)"},"content":{"rendered":"<p>A Igreja do Brasil est\u00e1 se preparando para o 4\u00ba Congresso Vocacional do Brasil, a ser realizado de 05 a 08 de setembro, no Centro de Eventos do Santu\u00e1rio Nacional Nossa Senhora de Aparecida, em Aparecida (SP). Segundo a equipe organizadora, a reflex\u00e3o e o estudo do tema \u201cVoca\u00e7\u00e3o e Discernimento\u201d deseja refletir sobre a necessidade da ora\u00e7\u00e3o em prol das voca\u00e7\u00f5es e acima de tudo expandir a tem\u00e1tica para todos os \u00e2mbitos eclesiais e sociais.<\/p>\n<p>Promover um evento vocacional em \u00e2mbito nacional significa, ainda segundo a organiza\u00e7\u00e3o, sensibilizar, animar e incrementar a cultura vocacional nas comunidades eclesiais. Podem participar do 4\u00ba Congresso Vocacional, <strong>que conta com as inscri\u00e7\u00f5es abertas at\u00e9 o dia 30 de julho<\/strong>, todos os batizados e, de uma maneira especial, os bispos, sacerdotes, consagrados, religiosos e leigos, envolvidos no Servi\u00e7o de Anima\u00e7\u00e3o Vocacional do Brasil.<\/p>\n<blockquote><p>\u201cContaremos com a participa\u00e7\u00e3o de todos os regionais e dioceses do Brasil, com um p\u00fablico estimado em 650 pessoas\u201d, afirma a equipe organizadora.<\/p><\/blockquote>\n<p>Um momento importante na prepara\u00e7\u00e3o do 4\u00ba. Congresso Vocacional do Brasil, \u00e9 a realiza\u00e7\u00e3o do Pr\u00e9 Congresso Regional, para que seja envolvido maior n\u00fameros de pessoas, para o estudo e reflex\u00e3o do tema. \u201cE tamb\u00e9m nesta oportunidade, dever\u00e1 ser respondido por todos o question\u00e1rio avaliativo (Cf. anexo 2) que contribuir\u00e1 para as reflex\u00f5es dos assessores durante o congresso, e dever\u00e1 ser enviado \u00e0 Secretaria do Congresso\u201d, explica a equipe organizadora. O prazo para o envio \u00e9 at\u00e9 o final de junho.<\/p>\n<p>\u00c0queles que desejarem se inscrever podem acessar a p\u00e1gina oficial do evento: <a href=\"https:\/\/congressovocacionalbrasil.com.br\/inscricoes\/\">https:\/\/congressovocacionalbrasil.com.br\/inscricoes\/<\/a> e seguir as orienta\u00e7\u00f5es que l\u00e1 est\u00e3o.<\/p>\n<blockquote><p>\u201cContamos com a participa\u00e7\u00e3o e envolvimento de todos neste importante momento de nossa caminhada vocacional do Brasil, e pedimos ao Senhor da messe, que continue enviando oper\u00e1rios e oper\u00e1rias para Sua messe\u201d.<\/p><\/blockquote>\n","protected":false},"excerpt":{"rendered":"<p>A Igreja do Brasil est\u00e1 se preparando para o 4\u00ba Congresso Vocacional do Brasil, a ser realizado de 05 a 08 de setembro, no Centro de Eventos do Santu\u00e1rio Nacional Nossa Senhora de Aparecida, em Aparecida (SP). Segundo a equipe organizadora, a reflex\u00e3o e o estudo do tema \u201cVoca\u00e7\u00e3o e Discernimento\u201d deseja refletir sobre a [&hellip;]<\/p>\n","protected":false},"author":1,"featured_media":48558,"comment_status":"open","ping_status":"closed","sticky":false,"template":"","format":"standard","meta":{"footnotes":""},"categories":[7],"tags":[],"class_list":["post-48556","post","type-post","status-publish","format-standard","has-post-thumbnail","hentry","category-cnbb"],"_links":{"self":[{"href":"https:\/\/catolicanet.net\/wp-cnet\/wp-json\/wp\/v2\/posts\/48556","targetHints":{"allow":["GET"]}}],"collection":[{"href":"https:\/\/catolicanet.net\/wp-cnet\/wp-json\/wp\/v2\/posts"}],"about":[{"href":"https:\/\/catolicanet.net\/wp-cnet\/wp-json\/wp\/v2\/types\/post"}],"author":[{"embeddable":true,"href":"https:\/\/catolicanet.net\/wp-cnet\/wp-json\/wp\/v2\/users\/1"}],"replies":[{"embeddable":true,"href":"https:\/\/catolicanet.net\/wp-cnet\/wp-json\/wp\/v2\/comments?post=48556"}],"version-history":[{"count":1,"href":"https:\/\/catolicanet.net\/wp-cnet\/wp-json\/wp\/v2\/posts\/48556\/revisions"}],"predecessor-version":[{"id":48559,"href":"https:\/\/catolicanet.net\/wp-cnet\/wp-json\/wp\/v2\/posts\/48556\/revisions\/48559"}],"wp:featuredmedia":[{"embeddable":true,"href":"https:\/\/catolicanet.net\/wp-cnet\/wp-json\/wp\/v2\/media\/48558"}],"wp:attachment":[{"href":"https:\/\/catolicanet.net\/wp-cnet\/wp-json\/wp\/v2\/media?parent=48556"}],"wp:term":[{"taxonomy":"category","embeddable":true,"href":"https:\/\/catolicanet.net\/wp-cnet\/wp-json\/wp\/v2\/categories?post=48556"},{"taxonomy":"post_tag","embeddable":true,"href":"https:\/\/catolicanet.net\/wp-cnet\/wp-json\/wp\/v2\/tags?post=48556"}],"curies":[{"name":"wp","href":"https:\/\/api.w.org\/{rel}","templated":true}]}}