{"id":48542,"date":"2019-04-23T15:53:01","date_gmt":"2019-04-23T18:53:01","guid":{"rendered":"http:\/\/catolicanet.net\/wp-cnet\/?p=48542"},"modified":"2019-04-23T15:53:01","modified_gmt":"2019-04-23T18:53:01","slug":"precisamos-das-oracoes-de-voces-pela-paz-e-harmonia-pede-bispo-cingales","status":"publish","type":"post","link":"https:\/\/catolicanet.net\/wp-cnet\/precisamos-das-oracoes-de-voces-pela-paz-e-harmonia-pede-bispo-cingales\/","title":{"rendered":"Precisamos das ora\u00e7\u00f5es de voc\u00eas pela paz e harmonia, pede bispo cingal\u00eas"},"content":{"rendered":"<div class=\"article__subTitle\">&#8220;Precisamos das ora\u00e7\u00f5es de voc\u00eas para que a paz e a harmonia sejam restauradas em nosso pa\u00eds. Rezem por n\u00f3s e por todos os crist\u00e3os que sofrem por causa de sua f\u00e9\u201d, pediu o bispo de Chilaw Dom Warnakulasuriya Devsritha Valence Mendis, em telefonema \u00e0 Igreja que Sofre, que respondeu aos ataques terroristas lan\u00e7ando uma campanha de coleta de fundos para concluir a constru\u00e7\u00e3o da Igreja de Santo Ant\u00f4nio, na Ba\u00eda China, no Sri Lanka.<\/div>\n<div class=\"title__separator\"><\/div>\n<div class=\"article__text\">\n<p><b>Cidade do Vaticano<\/b><\/p>\n<p>&#8220;Assistimos a ataques brutais, atos de viol\u00eancia sem precedentes&#8221;, disse por telefone \u00e0 Ajuda \u00e0 Igreja que Sofre Dom Warnakulasuriya Devsritha Valence Mendis, bispo de Chilaw, ao referir-se aos ataques que atingiram a comunidade do Sri Lanka no Domingo de P\u00e1scoa. O n\u00famero de mortos na manh\u00e3 desta ter\u00e7a-feira, 23,\u00a0 subiu para 310, enquanto os feridos s\u00e3o mais de 500.<\/p>\n<div>\n<div class=\"article__embed article__embed--unwrap article__embed--dark\">\n<div class=\"article__innerTitle\">Ou\u00e7a e compartilhe!<\/div>\n<!--[if lt IE 9]><script>document.createElement('audio');<\/script><![endif]-->\n<audio class=\"wp-audio-shortcode\" id=\"audio-48542-1\" preload=\"none\" style=\"width: 100%;\" controls=\"controls\"><source type=\"audio\/mpeg\" src=\"https:\/\/media.vaticannews.va\/media\/audio\/s1\/2019\/04\/23\/16\/134978915_F134978915.mp3?_=1\" \/><a href=\"https:\/\/media.vaticannews.va\/media\/audio\/s1\/2019\/04\/23\/16\/134978915_F134978915.mp3\">https:\/\/media.vaticannews.va\/media\/audio\/s1\/2019\/04\/23\/16\/134978915_F134978915.mp3<\/a><\/audio>\n<\/div>\n<\/div>\n<p>&#8220;A s\u00e9rie de ataques teve in\u00edcio na capital Colombo&#8221;, conta o bispo. A primeira explos\u00e3o ocorreu no Santu\u00e1rio de Santo Ant\u00f4nio, a igreja cat\u00f3lica mais famosa do Sri Lanka, Santu\u00e1rio Nacional. Ap\u00f3s cerca de 45 minutos, uma segunda Igreja cat\u00f3lica foi atingida, a de S\u00e3o Sebasti\u00e3o em Negombo, a cerca de 40 quil\u00f4metros de Colombo, ao longo da costa oeste. Mais tarde, outra bomba explodiu na Igreja protestante de Si\u00e3o em Batticaloa, na costa leste.<\/p>\n<p>Simultaneamente, na capital, tr\u00eas hot\u00e9is de luxo frequentados por ocidentais foram atingidos. Outras explos\u00f5es foram registradas na segunda-feira, 22 de abril, em v\u00e1rios locais do pa\u00eds, mas aparentemente n\u00e3o causaram v\u00edtimas.<\/p>\n<p>&#8220;Um ataque totalmente inesperado &#8211; diz Dom Mendis, sublinhando que no Sri Lanka h\u00e1 rela\u00e7\u00f5es pac\u00edficas entre as diferentes religi\u00f5es&#8221;. O Santu\u00e1rio de Santo Ant\u00f4nio era &#8220;um destino de peregrina\u00e7\u00e3o para pessoas de todas as f\u00e9s&#8221;.<\/p>\n<p>No pa\u00eds de maioria budista, os crist\u00e3os representam pouco mais de 9% da popula\u00e7\u00e3o. Como denunciado nas edi\u00e7\u00f5es mais recentes do Relat\u00f3rio sobre a Liberdade Religiosa de Ajuda \u00e0 Igreja que Sofre (AIS), nos \u00faltimos anos tem havido ataques a igrejas por parte de grupos budistas fundamentalistas como o Bodu Bala Sena e o Sinha Le.<\/p>\n<\/div>\n<div class=\"article__text\">\n<p>&#8220;Aquele cometido no domingo \u00e9 um crime contra a humanidade \u2013 afirma Dom Mendis. Nossa P\u00e1scoa foi transformada de um dia de festa em um de luto. Mas tenho certeza de que nossos fi\u00e9is ser\u00e3o capazes de enfrentar tamanha dor, com coragem e f\u00e9\u201d.<\/p>\n<p>O prelado quis lan\u00e7ar, por meio da AIS, um apelo a todos os crist\u00e3os do mundo. &#8220;Precisamos das ora\u00e7\u00f5es de voc\u00eas para que a paz e a harmonia sejam restauradas em nosso pa\u00eds. Rezem por n\u00f3s e por todos os crist\u00e3os que sofrem por causa de sua f\u00e9\u201d.<\/p>\n<p>Ajuda \u00e0 Igreja que Sofre respondeu aos ataques no Sri Lanka, convidando seus cerca de 18.000 benfeitores italianos a fazerem doa\u00e7\u00f5es para a conclus\u00e3o da constru\u00e7\u00e3o da Igreja de Santo Ant\u00f4nio na China Bay, Diocese de Trincomalee, no leste do Sri Lanka.<\/p>\n<p>O Sri Lanka viveu nesta ter\u00e7a-feira um Dia de Luto Nacional, para recordar as mais de 300 v\u00edtimas fatais dos ataques terroristas. Momentos de ora\u00e7\u00e3o foram realizados em diversas comunidades crist\u00e3s em todo o mundo, em particular nos pa\u00edses mais pr\u00f3ximos, como \u00cdndia, Paquist\u00e3o, Filipinas.<\/p>\n<h2>Estado Isl\u00e2mico assume autoria dos atentados<\/h2>\n<h2><\/h2>\n<p>Nesta ter\u00e7a-feira, o autoproclamado Estado Isl\u00e2mico assumiu a autoria os atentados suicidas. Enquanto seguem as investiga\u00e7\u00f5es, o ministro da Defesa do Sri Lanka,\u00a0Ruwan Wijewardene, afirmou no Parlamento que segundo investiga\u00e7\u00f5es preliminares, os atentados foram uma retalia\u00e7\u00e3o pelos ataques contra duas mesquitas em Christchurch, na Nova Zel\u00e2ndia, em 15 de mar\u00e7o do corrente, quando foram mortas 50 pessoas.<\/p>\n<p>O Governo atribui a responsabilidade pelos atentados a dois grupos isl\u00e2micos extremistas no pa\u00eds, o <i>National Thawheed Jamaat<\/i> e o <i>Jammiyathul Millathu Ibrahim<\/i>, que teriam recebido apoio externo para cometer os atentados.\u00a0As pr\u00f3prias autoridades haviam recebido avisos nos \u00faltimos dias sobre poss\u00edveis ataques contra igrejas por combatentes do ISIS, que retornaram ao Sri Lanka. O aviso, no entanto, n\u00e3o chegou ao conhecimento das altas esferas do Governo.<\/p>\n<p><img loading=\"lazy\" decoding=\"async\" class=\"size-medium wp-image-48543 aligncenter\" src=\"http:\/\/catolicanet.net\/wp-cnet\/wp-content\/uploads\/750.422-3-300x169.jpeg\" alt=\"\" width=\"300\" height=\"169\" srcset=\"https:\/\/catolicanet.net\/wp-cnet\/wp-content\/uploads\/750.422-3-300x169.jpeg 300w, https:\/\/catolicanet.net\/wp-cnet\/wp-content\/uploads\/750.422-3-600x338.jpeg 600w, https:\/\/catolicanet.net\/wp-cnet\/wp-content\/uploads\/750.422-3-696x392.jpeg 696w, https:\/\/catolicanet.net\/wp-cnet\/wp-content\/uploads\/750.422-3-746x420.jpeg 746w, https:\/\/catolicanet.net\/wp-cnet\/wp-content\/uploads\/750.422-3.jpeg 750w\" sizes=\"auto, (max-width: 300px) 100vw, 300px\" \/><\/p>\n<\/div>\n<div class=\"article__embed article__embed--out article__embed--dark article__embed--photogallery\"><\/div>\n<p>&nbsp;<\/p>\n","protected":false},"excerpt":{"rendered":"<p>&#8220;Precisamos das ora\u00e7\u00f5es de voc\u00eas para que a paz e a harmonia sejam restauradas em nosso pa\u00eds. Rezem por n\u00f3s e por todos os crist\u00e3os que sofrem por causa de sua f\u00e9\u201d, pediu o bispo de Chilaw Dom Warnakulasuriya Devsritha Valence Mendis, em telefonema \u00e0 Igreja que Sofre, que respondeu aos ataques terroristas lan\u00e7ando uma [&hellip;]<\/p>\n","protected":false},"author":1,"featured_media":48544,"comment_status":"open","ping_status":"closed","sticky":false,"template":"","format":"standard","meta":{"footnotes":""},"categories":[3],"tags":[],"class_list":["post-48542","post","type-post","status-publish","format-standard","has-post-thumbnail","hentry","category-vaticano"],"_links":{"self":[{"href":"https:\/\/catolicanet.net\/wp-cnet\/wp-json\/wp\/v2\/posts\/48542","targetHints":{"allow":["GET"]}}],"collection":[{"href":"https:\/\/catolicanet.net\/wp-cnet\/wp-json\/wp\/v2\/posts"}],"about":[{"href":"https:\/\/catolicanet.net\/wp-cnet\/wp-json\/wp\/v2\/types\/post"}],"author":[{"embeddable":true,"href":"https:\/\/catolicanet.net\/wp-cnet\/wp-json\/wp\/v2\/users\/1"}],"replies":[{"embeddable":true,"href":"https:\/\/catolicanet.net\/wp-cnet\/wp-json\/wp\/v2\/comments?post=48542"}],"version-history":[{"count":1,"href":"https:\/\/catolicanet.net\/wp-cnet\/wp-json\/wp\/v2\/posts\/48542\/revisions"}],"predecessor-version":[{"id":48545,"href":"https:\/\/catolicanet.net\/wp-cnet\/wp-json\/wp\/v2\/posts\/48542\/revisions\/48545"}],"wp:featuredmedia":[{"embeddable":true,"href":"https:\/\/catolicanet.net\/wp-cnet\/wp-json\/wp\/v2\/media\/48544"}],"wp:attachment":[{"href":"https:\/\/catolicanet.net\/wp-cnet\/wp-json\/wp\/v2\/media?parent=48542"}],"wp:term":[{"taxonomy":"category","embeddable":true,"href":"https:\/\/catolicanet.net\/wp-cnet\/wp-json\/wp\/v2\/categories?post=48542"},{"taxonomy":"post_tag","embeddable":true,"href":"https:\/\/catolicanet.net\/wp-cnet\/wp-json\/wp\/v2\/tags?post=48542"}],"curies":[{"name":"wp","href":"https:\/\/api.w.org\/{rel}","templated":true}]}}