{"id":48525,"date":"2019-04-23T09:51:32","date_gmt":"2019-04-23T12:51:32","guid":{"rendered":"http:\/\/catolicanet.net\/wp-cnet\/?p=48525"},"modified":"2019-04-23T09:51:32","modified_gmt":"2019-04-23T12:51:32","slug":"terremoto-nas-filipinas-igreja-pede-oracoes-pelos-falecidos-e-ajuda-para-as-vitimas","status":"publish","type":"post","link":"https:\/\/catolicanet.net\/wp-cnet\/terremoto-nas-filipinas-igreja-pede-oracoes-pelos-falecidos-e-ajuda-para-as-vitimas\/","title":{"rendered":"Terremoto nas Filipinas: Igreja pede ora\u00e7\u00f5es pelos falecidos e ajuda para as v\u00edtimas"},"content":{"rendered":"<p>A Igreja nas Filipinas manifestou a sua solidariedade com as fam\u00edlias das v\u00edtimas e dos afetados pelo terremoto de 6,3 graus que atingiu nesta segunda-feira a regi\u00e3o central do pa\u00eds, incluindo a capital Manila e deixou oito mortos at\u00e9 o momento.<\/p>\n<p>&#8220;Continuemos rezando e oferecendo ajuda aos afetados pelo terremoto desta tarde, especialmente a nossos irm\u00e3os em Pampanga, Zambales e Bataan&#8221;, expressou a Catedral de Manila em sua conta no Twitter.<\/p>\n<p>Assinalou tamb\u00e9m que &#8220;na inspe\u00e7\u00e3o inicial, nenhum dano foi observado&#8221; na catedral. &#8220;Nossos engenheiros estruturais vir\u00e3o amanh\u00e3 para mais detalhes&#8221;, indicou.<\/p>\n<p>De acordo com o Servi\u00e7o Geol\u00f3gico dos Estados Unidos (USGS, na sigla em ingl\u00eas), o terremoto teve seu epicentro 60 quil\u00f4metros a noroeste de Manila, com 40 quil\u00f4metros de profundidade.<\/p>\n<p>A governadora de Pampanga, Lilia Pineda, disse \u00e0 imprensa que recebeu informa\u00e7\u00f5es de que h\u00e1 pelo menos oito mortes em sua prov\u00edncia. Al\u00e9m disso, mais de 20 pessoas ficaram feridas devido \u00e0 queda de edif\u00edcios e muros.<\/p>\n<p>Ela tamb\u00e9m indicou que o terremoto danificou o Aeroporto Internacional de Clark e uma antiga igreja cat\u00f3lica. As estradas e pontes da prov\u00edncia tamb\u00e9m foram afetadas.<\/p>\n<p>Por sua vez, o prefeito Condralito dela Cruz, da cidade de Porac, na prov\u00edncia de Pampanga, disse que duas pessoas foram resgatadas dos escombros de um pr\u00e9dio que desabou. Indicou que existem outras pessoas que permanecem presas.<\/p>\n<p>As Filipinas est\u00e3o localizadas dentro do &#8220;C\u00edrculo de Fogo&#8221; do Oceano Pac\u00edfico, uma regi\u00e3o com alta frequ\u00eancia de atividades s\u00edsmicas.<\/p>\n","protected":false},"excerpt":{"rendered":"<p>A Igreja nas Filipinas manifestou a sua solidariedade com as fam\u00edlias das v\u00edtimas e dos afetados pelo terremoto de 6,3 graus que atingiu nesta segunda-feira a regi\u00e3o central do pa\u00eds, incluindo a capital Manila e deixou oito mortos at\u00e9 o momento. &#8220;Continuemos rezando e oferecendo ajuda aos afetados pelo terremoto desta tarde, especialmente a nossos [&hellip;]<\/p>\n","protected":false},"author":1,"featured_media":48527,"comment_status":"open","ping_status":"closed","sticky":false,"template":"","format":"standard","meta":{"footnotes":""},"categories":[4],"tags":[],"class_list":["post-48525","post","type-post","status-publish","format-standard","has-post-thumbnail","hentry","category-cotidiano"],"_links":{"self":[{"href":"https:\/\/catolicanet.net\/wp-cnet\/wp-json\/wp\/v2\/posts\/48525","targetHints":{"allow":["GET"]}}],"collection":[{"href":"https:\/\/catolicanet.net\/wp-cnet\/wp-json\/wp\/v2\/posts"}],"about":[{"href":"https:\/\/catolicanet.net\/wp-cnet\/wp-json\/wp\/v2\/types\/post"}],"author":[{"embeddable":true,"href":"https:\/\/catolicanet.net\/wp-cnet\/wp-json\/wp\/v2\/users\/1"}],"replies":[{"embeddable":true,"href":"https:\/\/catolicanet.net\/wp-cnet\/wp-json\/wp\/v2\/comments?post=48525"}],"version-history":[{"count":1,"href":"https:\/\/catolicanet.net\/wp-cnet\/wp-json\/wp\/v2\/posts\/48525\/revisions"}],"predecessor-version":[{"id":48528,"href":"https:\/\/catolicanet.net\/wp-cnet\/wp-json\/wp\/v2\/posts\/48525\/revisions\/48528"}],"wp:featuredmedia":[{"embeddable":true,"href":"https:\/\/catolicanet.net\/wp-cnet\/wp-json\/wp\/v2\/media\/48527"}],"wp:attachment":[{"href":"https:\/\/catolicanet.net\/wp-cnet\/wp-json\/wp\/v2\/media?parent=48525"}],"wp:term":[{"taxonomy":"category","embeddable":true,"href":"https:\/\/catolicanet.net\/wp-cnet\/wp-json\/wp\/v2\/categories?post=48525"},{"taxonomy":"post_tag","embeddable":true,"href":"https:\/\/catolicanet.net\/wp-cnet\/wp-json\/wp\/v2\/tags?post=48525"}],"curies":[{"name":"wp","href":"https:\/\/api.w.org\/{rel}","templated":true}]}}