{"id":48469,"date":"2019-04-22T10:29:35","date_gmt":"2019-04-22T13:29:35","guid":{"rendered":"http:\/\/catolicanet.net\/wp-cnet\/?p=48469"},"modified":"2019-04-22T15:22:17","modified_gmt":"2019-04-22T18:22:17","slug":"48469-2","status":"publish","type":"post","link":"https:\/\/catolicanet.net\/wp-cnet\/48469-2\/","title":{"rendered":"Novo apelo do Papa: ora\u00e7\u00e3o e solidariedade ao povo do Sri Lanka"},"content":{"rendered":"<div class=\"article__subTitle\">No Regina Coeli o Papa Francisco exprimiu a sua proximidade ao povo do Sri Lanka ferido pelos atentados de P\u00e1scoa. Mais uma explos\u00e3o nesta segunda-feira.<\/div>\n<div class=\"title__separator\"><\/div>\n<div class=\"article__text\">\n<p><b>Mariangela Jaguraba \u2013 Cidade do Vaticano<\/b><\/p>\n<p>Depois da ora\u00e7\u00e3o do Regina Coeli, nesta segunda-feira do Anjo, o Papa Francisco voltou novamente o seu pensamento ao povo do Sri Lanka:<\/p>\n<p><i>\u201cExpresso novamente minha proximidade espiritual e paterna ao povo do Sri Lanka. Estou muito pr\u00f3ximo ao meu querido irm\u00e3o, o cardeal Malcolm Ranjith Patabendige Don, e a toda a Igreja arquidiocesana de Colombo. Rezo pelas numerosas v\u00edtimas e feridos, e pe\u00e7o a todos para que n\u00e3o hesitem em oferecer a esta querida na\u00e7\u00e3o toda a ajuda necess\u00e1ria. Espero tamb\u00e9m que todos condenem estes atos terroristas, atos desumanos, nunca justific\u00e1veis.\u201d<\/i><\/p>\n<p>A seguir, o Papa convidou os fi\u00e9is presentes na Pra\u00e7a S\u00e3o Pedro a rezarem uma Ave-Maria pelo Sri Lanka.<\/p>\n<div>\n<aside class=\"article__readmore\">\n<div class=\"teaser--labelEvidence teaser teaser--type-foto\">\n<article>\n<div class=\"teaser__labelWrapper\"><\/div>\n<\/article>\n<\/div>\n<\/aside>\n<\/div>\n<\/div>\n<p>&#8220;No clima pascal que caracteriza o dia de hoje&#8221;,\u00a0 &#8211; continuou o Papa &#8211; &#8220;sa\u00fado com afeto todos voc\u00eas, fam\u00edlias, grupos paroquiais, associa\u00e7\u00f5es e peregrinos, vindos da It\u00e1lia e de v\u00e1rias partes do mundo&#8221;.<\/p>\n<p>&#8220;Desejo a cada um de voc\u00eas de transcorrerem estes dias da Oitava da P\u00e1scoa com f\u00e9, em que se prolonga a mem\u00f3ria da Ressurrei\u00e7\u00e3o de Cristo. Aproveitem toda boa ocasi\u00e3o para serem testemunhas da alegria e da paz do Senhor ressuscitado&#8221;.<\/p>\n<p>&#8220;Feliz e Santa P\u00e1scoa a todos! Por favor, &#8211; concluiu -, n\u00e3o se esque\u00e7am de rezar por mim. Bom almo\u00e7o e at\u00e9 logo&#8221;.<\/p>\n<h2>Mais bombas<\/h2>\n<p>Entretanto, nova explos\u00e3o no Sri Lanka. A deflagra\u00e7\u00e3o foi ouvida em frente \u00e0 igreja de Sant&#8217;Antonio, em Colombo, e provocou p\u00e2nico e fuga dos presentes. De acordo com um jornalista do \u201cGuardian\u201d presente no local, teria sido uma &#8220;pequena explos\u00e3o&#8221; em frente \u00e0 igreja j\u00e1 foi atingida ontem. Para a Bbc a detona\u00e7\u00e3o ocorreu &#8220;no momento em que o pessoal das for\u00e7as de seguran\u00e7a estavam tentando neutralizar uma bomba individuada em um ve\u00edculo&#8221;.<\/p>\n<p>Segundo as ag\u00eancias de not\u00edcias internacionais, as for\u00e7as policiais envolvidas nas buscas e nas investiga\u00e7\u00f5es sobre os atentados de ontem no Sri Lanka encontraram 87 detonadores perto de uma parada de \u00f4nibus na capital, Colombo.<\/p>\n<p><b>290 mortos e 500 feridos<\/b><\/p>\n<p>O n\u00famero de mortos nos ataques no Sri Lanka sobe para 290 e 500 feridos, \u00e9 um balan\u00e7o ainda parcial. Foram atingidas tr\u00eas igrejas durante as celebra\u00e7\u00f5es pascais e tr\u00eas hot\u00e9is de luxo de Colombo. Totalizaram oito explos\u00f5es, as igrejas atingidas s\u00e3o a igreja de Santo Ant\u00f4nio em Colombo, a de S\u00e3o Sebasti\u00e3o em Negombo, localidade com a maioria cat\u00f3lica no norte da capital, e Zion Church em Betticaloa, no Leste. No pa\u00eds foram anuladas todas as celebra\u00e7\u00f5es pascais, imposto o toque de recolher \u2013 j\u00e1 revogado na manh\u00e3 desta segunda-feira (22) \u2013 e bloqueadas as redes sociais para evitar circula\u00e7\u00e3o de not\u00edcias falsas e mais viol\u00eancia. Nenhum grupo reinvidicou a autoria das a\u00e7\u00f5es at\u00e9 o momento.<\/p>\n","protected":false},"excerpt":{"rendered":"<p>No Regina Coeli o Papa Francisco exprimiu a sua proximidade ao povo do Sri Lanka ferido pelos atentados de P\u00e1scoa. Mais uma explos\u00e3o nesta segunda-feira. Mariangela Jaguraba \u2013 Cidade do Vaticano Depois da ora\u00e7\u00e3o do Regina Coeli, nesta segunda-feira do Anjo, o Papa Francisco voltou novamente o seu pensamento ao povo do Sri Lanka: \u201cExpresso [&hellip;]<\/p>\n","protected":false},"author":1,"featured_media":48470,"comment_status":"open","ping_status":"closed","sticky":false,"template":"","format":"standard","meta":{"footnotes":""},"categories":[13],"tags":[],"class_list":["post-48469","post","type-post","status-publish","format-standard","has-post-thumbnail","hentry","category-featured"],"_links":{"self":[{"href":"https:\/\/catolicanet.net\/wp-cnet\/wp-json\/wp\/v2\/posts\/48469","targetHints":{"allow":["GET"]}}],"collection":[{"href":"https:\/\/catolicanet.net\/wp-cnet\/wp-json\/wp\/v2\/posts"}],"about":[{"href":"https:\/\/catolicanet.net\/wp-cnet\/wp-json\/wp\/v2\/types\/post"}],"author":[{"embeddable":true,"href":"https:\/\/catolicanet.net\/wp-cnet\/wp-json\/wp\/v2\/users\/1"}],"replies":[{"embeddable":true,"href":"https:\/\/catolicanet.net\/wp-cnet\/wp-json\/wp\/v2\/comments?post=48469"}],"version-history":[{"count":4,"href":"https:\/\/catolicanet.net\/wp-cnet\/wp-json\/wp\/v2\/posts\/48469\/revisions"}],"predecessor-version":[{"id":48505,"href":"https:\/\/catolicanet.net\/wp-cnet\/wp-json\/wp\/v2\/posts\/48469\/revisions\/48505"}],"wp:featuredmedia":[{"embeddable":true,"href":"https:\/\/catolicanet.net\/wp-cnet\/wp-json\/wp\/v2\/media\/48470"}],"wp:attachment":[{"href":"https:\/\/catolicanet.net\/wp-cnet\/wp-json\/wp\/v2\/media?parent=48469"}],"wp:term":[{"taxonomy":"category","embeddable":true,"href":"https:\/\/catolicanet.net\/wp-cnet\/wp-json\/wp\/v2\/categories?post=48469"},{"taxonomy":"post_tag","embeddable":true,"href":"https:\/\/catolicanet.net\/wp-cnet\/wp-json\/wp\/v2\/tags?post=48469"}],"curies":[{"name":"wp","href":"https:\/\/api.w.org\/{rel}","templated":true}]}}