{"id":48467,"date":"2019-04-20T08:46:25","date_gmt":"2019-04-20T11:46:25","guid":{"rendered":"http:\/\/catolicanet.net\/wp-cnet\/?p=48467"},"modified":"2019-04-22T08:51:34","modified_gmt":"2019-04-22T11:51:34","slug":"da-cruz-a-ressurreicao-2","status":"publish","type":"post","link":"https:\/\/catolicanet.net\/wp-cnet\/da-cruz-a-ressurreicao-2\/","title":{"rendered":"Da Cruz \u00e0 Ressurrei\u00e7\u00e3o"},"content":{"rendered":"<p>O Tr\u00edduo Pascal \u00e9 o ponto culminante de todo o ano lit\u00fargico, por fazer mem\u00f3ria da paix\u00e3o, morte e ressurrei\u00e7\u00e3o de nosso Senhor Jesus Cristo. Ele realizou a reden\u00e7\u00e3o do ser humano e a perfeita glorifica\u00e7\u00e3o de Deus principalmente atrav\u00e9s do mist\u00e9rio pascal, com o qual, morrendo destruiu a nossa morte e, ressuscitando, restaurou a vida. O foco central est\u00e1 em apontar na vit\u00f3ria da vida sobre a morte e o mal. A P\u00e1scoa, a passagem acontece pela cruz e o sofrimento. Portanto, n\u00e3o se pode falar de P\u00e1scoa ignorando a cruz. Como entender a cruz de Cristo?<\/p>\n<p>S\u00e3o Paulo \u00e9 o autor do Novo Testamento que mais elaborou e aprofundou uma verdadeira e pr\u00f3pria teologia da cruz. Quando S\u00e3o Paulo fala da cruz, fala sempre do Crucificado, de Cristo. Sublinha que Jesus n\u00e3o foi simplesmente morto, mas morreu crucificado. Na carta aos G\u00e1latas 5,11, fala do \u201cesc\u00e2ndalo da cruz\u201d, sem se preocupar em destacar os sofrimentos e humilha\u00e7\u00f5es sofridas. \u201cDizer que o Messias e Salvador morreu crucificado significa afirmar que morreu na vergonha, na inf\u00e2mia, como amaldi\u00e7oado por Deus, excomungado de seu grupo religioso, considerado perigoso para a sociedade civil\u201d (Manicardi, L. O Humano sofrer, Ed. CNBB, p.140).<\/p>\n<p>Paulo tamb\u00e9m afirma que a cruz \u00e9 loucura, sempre se entende a cruz por Crucificado. D\u00e1 \u00e0 loucura um sentido positivo. Se humanamente a cruz \u00e9 loucura, mesmo assim \u00e9 superior \u00e0 sabedoria humana e do mundo que tem dificuldade de compreender o agir de Deus e seus ensinamentos. A cruz contesta a racionalidade humana e uma religi\u00e3o que se nutre de sinais, milagres, da busca do extraordin\u00e1rio. Paulo convida os crist\u00e3os a encontrar na pr\u00f3pria cruz, que humanamente exprime fragilidade e loucura, o poder da sabedoria divina.<\/p>\n<p>Portanto, S\u00e3o Paulo n\u00e3o destaca nada de bom da cruz em si. Quando fala dela faz um an\u00fancio do Crucificado e da ressurrei\u00e7\u00e3o que est\u00e3o conexas. A for\u00e7a de Deus que se manifesta na cruz de Cristo, \u00e9 a for\u00e7a de salva\u00e7\u00e3o, pois fortalece a vida no fiel. Muitas vezes, o fiel denomina os pr\u00f3prios sofrimentos como cruzes, desse modo eles s\u00e3o unidos ao Crucificado, v\u00ea agir nele tamb\u00e9m a for\u00e7a do amor mais forte que a morte, a for\u00e7a da ressurrei\u00e7\u00e3o. A cruz \u00e9 ent\u00e3o verdadeiramente capaz de fazer conhecer a Deus.<\/p>\n<p>A cruz e o sofrimento de Cristo nos reportam aos nossos sofrimentos. Existe uma express\u00e3o \u201coferecer a Deus o sofrimento\u201d que \u00e9 frequentemente usada. Ser\u00e1 que isto faz sentido? Um paciente com uma doen\u00e7a cr\u00f4nica grave disse: \u201cN\u00e3o se oferece nada de negativo\u201d. N\u00e3o \u00e9 a cruz e n\u00e3o s\u00e3o os sofrimentos que tornaram Jesus grande, mas \u00e9 exatamente o contr\u00e1rio: \u00e9 a vida de Jesus atravessada pelo amor, pela doa\u00e7\u00e3o que deu tamb\u00e9m sentido a morte de cruz. Cristo n\u00e3o ofereceu seus sofrimentos, mas se ofereceu a si mesmo, fez de sua vida uma oferta.<\/p>\n<p>Oferecer a Deus o sofrimento deve ser entendido como viver de acordo com o Evangelho e na proximidade de Deus as situa\u00e7\u00f5es de sofrimento. Fazer da doen\u00e7a e do sofrimento um caminho em que se conhece algo da proximidade e da consola\u00e7\u00e3o de Deus. Continuar, embora com todas as dificuldades e contratempos, nutrindo a f\u00e9, esperan\u00e7a e caridade tamb\u00e9m na prova\u00e7\u00e3o. Na verdade, n\u00f3s n\u00e3o oferecemos a Deus os nossos sofrimentos, mas aquilo que fizemos dele. Oferecemos a n\u00f3s inteiros -corpo, alma e esp\u00edrito \u2013 pois o corpo \u00e9 o livro do tempo no qual est\u00e3o escritas as emo\u00e7\u00f5es, sofrimentos e experi\u00eancias vividas, que est\u00e3o dentro de n\u00f3s.<\/p>\n<p>Um Feliz e Aben\u00e7oada P\u00e1scoa!<\/p>\n","protected":false},"excerpt":{"rendered":"<p>O Tr\u00edduo Pascal \u00e9 o ponto culminante de todo o ano lit\u00fargico, por fazer mem\u00f3ria da paix\u00e3o, morte e ressurrei\u00e7\u00e3o de nosso Senhor Jesus Cristo. Ele realizou a reden\u00e7\u00e3o do ser humano e a perfeita glorifica\u00e7\u00e3o de Deus principalmente atrav\u00e9s do mist\u00e9rio pascal, com o qual, morrendo destruiu a nossa morte e, ressuscitando, restaurou a [&hellip;]<\/p>\n","protected":false},"author":18,"featured_media":32780,"comment_status":"open","ping_status":"closed","sticky":false,"template":"","format":"standard","meta":{"footnotes":""},"categories":[9],"tags":[],"class_list":["post-48467","post","type-post","status-publish","format-standard","has-post-thumbnail","hentry","category-artigos"],"_links":{"self":[{"href":"https:\/\/catolicanet.net\/wp-cnet\/wp-json\/wp\/v2\/posts\/48467","targetHints":{"allow":["GET"]}}],"collection":[{"href":"https:\/\/catolicanet.net\/wp-cnet\/wp-json\/wp\/v2\/posts"}],"about":[{"href":"https:\/\/catolicanet.net\/wp-cnet\/wp-json\/wp\/v2\/types\/post"}],"author":[{"embeddable":true,"href":"https:\/\/catolicanet.net\/wp-cnet\/wp-json\/wp\/v2\/users\/18"}],"replies":[{"embeddable":true,"href":"https:\/\/catolicanet.net\/wp-cnet\/wp-json\/wp\/v2\/comments?post=48467"}],"version-history":[{"count":1,"href":"https:\/\/catolicanet.net\/wp-cnet\/wp-json\/wp\/v2\/posts\/48467\/revisions"}],"predecessor-version":[{"id":48468,"href":"https:\/\/catolicanet.net\/wp-cnet\/wp-json\/wp\/v2\/posts\/48467\/revisions\/48468"}],"wp:featuredmedia":[{"embeddable":true,"href":"https:\/\/catolicanet.net\/wp-cnet\/wp-json\/wp\/v2\/media\/32780"}],"wp:attachment":[{"href":"https:\/\/catolicanet.net\/wp-cnet\/wp-json\/wp\/v2\/media?parent=48467"}],"wp:term":[{"taxonomy":"category","embeddable":true,"href":"https:\/\/catolicanet.net\/wp-cnet\/wp-json\/wp\/v2\/categories?post=48467"},{"taxonomy":"post_tag","embeddable":true,"href":"https:\/\/catolicanet.net\/wp-cnet\/wp-json\/wp\/v2\/tags?post=48467"}],"curies":[{"name":"wp","href":"https:\/\/api.w.org\/{rel}","templated":true}]}}